{"id":36288,"date":"2019-05-24T10:30:26","date_gmt":"2019-05-24T14:30:26","guid":{"rendered":"https:\/\/linitiative.ca\/International\/14eme-anniversaire-de-lindh-agadir-se-dote-de-deux-unites-de-production-et-de-commercialisation-du-miel-et-de-lhuile-dargane\/"},"modified":"2019-05-24T10:30:26","modified_gmt":"2019-05-24T14:30:26","slug":"14eme-anniversaire-de-lindh-agadir-se-dote-de-deux-unites-de-production-et-de-commercialisation-du-miel-et-de-lhuile-dargane","status":"publish","type":"post","link":"https:\/\/linitiative.ca\/International\/14eme-anniversaire-de-lindh-agadir-se-dote-de-deux-unites-de-production-et-de-commercialisation-du-miel-et-de-lhuile-dargane\/","title":{"rendered":"14\u00e8me anniversaire de l\u2019INDH : Agadir se dote de deux unit\u00e9s de production et de commercialisation du miel et de l\u2019huile d\u2019argane"},"content":{"rendered":"<p><img decoding=\"async\" class=\"post_layout_5_img\" src=\"http:\/\/aujourdhui.ma\/wp-content\/uploads\/2017\/11\/Huile-d-argane.jpg?x29840\" alt=\"14\u00e8me anniversaire de l\u2019INDH : Agadir se dote de deux unit\u00e9s de production et de commercialisation du miel et de l\u2019huile d\u2019argane\"\/><\/p>\n<p class=\"p1\"><span class=\"c4\"><strong><span class=\"s1\">Deux unit\u00e9s de production et de commercialisation du miel et de l\u2019huile d\u2019argane viennent d\u2019\u00eatre inaugur\u00e9es \u00e0 Agadir en pr\u00e9sence notamment du wali de la r\u00e9gion du Souss-Massa Ahmed Hajji.<\/span><\/strong><\/span><span id=\"more-311826\"\/><\/p>\n<p class=\"p1\"><span class=\"s1\">La premi\u00e8re unit\u00e9 consacr\u00e9e \u00e0 la commercialisation et la production du miel est situ\u00e9e dans la commune d\u2019Amskroud. Cette structure comprend notamment des ateliers de promotion de l\u2019apiculture, une salle de conditionnement, un laboratoire, un espace de stockage et des bureaux, et devra b\u00e9n\u00e9ficier \u00e0 une dizaine de producteurs regroup\u00e9s au sein d\u2019une coop\u00e9rative alors que la production attendue est de 10 tonnes par an.<\/span><\/p>\n<p class=\"p1\"><span class=\"s1\">Le deuxi\u00e8me projet inaugur\u00e9 consiste en une unit\u00e9 sp\u00e9cialis\u00e9e dans la production et la commercialisation de l\u2019huile d\u2019argane bas\u00e9e dans la commune de Derarga.<\/span><\/p>\n<p class=\"p1\"><span class=\"s1\">Le lancement de ces deux projets de valorisation de la production apicole et de l\u2019huile d\u2019argane r\u00e9alis\u00e9s en partenariat avec les conseils \u00e9lus intervient dans le cadre de la c\u00e9l\u00e9bration du 14\u00e8me anniversaire de l\u2019Initiative nationale pour le d\u00e9veloppement humain (INDH). Celle-ci pr\u00e9voit au niveau de la commune d\u2019Agadir Idaoutanane une s\u00e9rie de projets portant sur la construction et l\u2019\u00e9quipement de plusieurs structures pour la mise en valeur des diff\u00e9rents produits du terroir, dont l\u2019olivier, l\u2019amandier, le cactus, l\u2019ail, l\u2019arganier ainsi que les plantes aromatiques et m\u00e9dicinales.<\/span><\/p>\n<p class=\"p1\"><span class=\"s1\">Ces projets r\u00e9pondent \u00e0 l\u2019esprit de l\u2019INDH en tant que chantier national bas\u00e9 sur le d\u00e9veloppement d\u2019activit\u00e9s g\u00e9n\u00e9ratrices de revenus qui contribuent \u00e0 am\u00e9liorer les conditions de vie des populations, notamment en milieu rural et dans les zones recul\u00e9es et s\u2019inscrivent dans le cadre de la troisi\u00e8me phase de l\u2019INDH qui vise essentiellement \u00e0 r\u00e9aliser un d\u00e9veloppement humain et social durable garantissant les valeurs de dignit\u00e9, d\u2019\u00e9quit\u00e9 et de solidarit\u00e9 et porteur d\u2019espoir, notamment aupr\u00e8s des g\u00e9n\u00e9rations montantes gr\u00e2ce \u00e0 des programmes ambitieux.<\/span><\/p>\n<p class=\"p1\"><span class=\"s1\">Notons que le nombre de projets financ\u00e9s par l\u2019Initiative nationale pour le d\u00e9veloppement humain entre 2005 et 2018, au niveau de la pr\u00e9fecture d\u2019Agadir Idaoutanane, a atteint un total de 1.064 projets r\u00e9partis sur toutes les communes de la pr\u00e9fecture, et qui profitent de mani\u00e8re directe \u00e0 quelque 850.000 b\u00e9n\u00e9ficiaires. Ces projets ont n\u00e9cessit\u00e9 un investissement total de l\u2019ordre de 618,08 millions DH, dont 71% ont \u00e9t\u00e9 assur\u00e9s par l\u2019INDH.<\/span><\/p>\n<p class=\"p1\"><span class=\"s1\">Les projets visant la lutte contre l\u2019exclusion sociale viennent en t\u00eate, suivis de ceux relatifs au programme horizontal et de ceux d\u00e9di\u00e9s \u00e0 la lutte contre la vuln\u00e9rabilit\u00e9 et la marginalisation, puis les projets relatifs \u00e0 la lutte contre la pauvret\u00e9 en milieu rural. L\u2019INDH a \u00e9galement particip\u00e9 activement \u00e0 d\u00e9velopper les comp\u00e9tences et les savoir-faire des acteurs territoriaux, en instaurant plusieurs programmes de formation.<\/span><\/p>\n<p>Auteur: Mohamed Laabid<br \/>\n<a href=\"http:\/\/aujourdhui.ma\/economie\/14eme-anniversaire-de-lindh-agadir-se-dote-de-deux-unites-de-production-et-de-commercialisation-du-miel-et-de-lhuile-dargane\">Cliquez ici pour lire l&rsquo;article depuis sa source.<\/a><\/p>\n","protected":false},"excerpt":{"rendered":"<p>Deux unit\u00e9s de production et de commercialisation du miel et de l\u2019huile d\u2019argane viennent d\u2019\u00eatre inaugur\u00e9es \u00e0 Agadir en pr\u00e9sence notamment du wali de la r\u00e9gion du Souss-Massa Ahmed Hajji. La premi\u00e8re unit\u00e9 consacr\u00e9e \u00e0 la commercialisation et la production du miel est situ\u00e9e dans la commune d\u2019Amskroud. Cette structure comprend notamment des ateliers de [&hellip;]<\/p>\n","protected":false},"author":1759,"featured_media":0,"comment_status":"closed","ping_status":"closed","sticky":false,"template":"","format":"standard","meta":{"fifu_image_url":"","fifu_image_alt":"","footnotes":""},"categories":[73,54],"tags":[],"class_list":["post-36288","post","type-post","status-publish","format-standard","hentry","category-actualite","category-maroc"],"_links":{"self":[{"href":"https:\/\/linitiative.ca\/International\/wp-json\/wp\/v2\/posts\/36288","targetHints":{"allow":["GET"]}}],"collection":[{"href":"https:\/\/linitiative.ca\/International\/wp-json\/wp\/v2\/posts"}],"about":[{"href":"https:\/\/linitiative.ca\/International\/wp-json\/wp\/v2\/types\/post"}],"author":[{"embeddable":true,"href":"https:\/\/linitiative.ca\/International\/wp-json\/wp\/v2\/users\/1759"}],"replies":[{"embeddable":true,"href":"https:\/\/linitiative.ca\/International\/wp-json\/wp\/v2\/comments?post=36288"}],"version-history":[{"count":0,"href":"https:\/\/linitiative.ca\/International\/wp-json\/wp\/v2\/posts\/36288\/revisions"}],"wp:attachment":[{"href":"https:\/\/linitiative.ca\/International\/wp-json\/wp\/v2\/media?parent=36288"}],"wp:term":[{"taxonomy":"category","embeddable":true,"href":"https:\/\/linitiative.ca\/International\/wp-json\/wp\/v2\/categories?post=36288"},{"taxonomy":"post_tag","embeddable":true,"href":"https:\/\/linitiative.ca\/International\/wp-json\/wp\/v2\/tags?post=36288"}],"curies":[{"name":"wp","href":"https:\/\/api.w.org\/{rel}","templated":true}]}}