{"id":36290,"date":"2019-05-24T06:19:56","date_gmt":"2019-05-24T10:19:56","guid":{"rendered":"https:\/\/linitiative.ca\/International\/mohamed-said-afifi-le-hamlet-marocain\/"},"modified":"2019-05-24T06:19:56","modified_gmt":"2019-05-24T10:19:56","slug":"mohamed-said-afifi-le-hamlet-marocain","status":"publish","type":"post","link":"https:\/\/linitiative.ca\/International\/mohamed-said-afifi-le-hamlet-marocain\/","title":{"rendered":"Mohamed Sa\u00efd Afifi, le \u00abHamlet\u00bb marocain"},"content":{"rendered":"<p class=\"c4\"><strong><span class=\"c2\">M<\/span><span class=\"c3\">ohamed Sa\u00efd Afifi a investi sa vie dans le th\u00e9\u00e2tre\u2026 amoureusement et passionn\u00e9ment. Il est sans conteste l\u2019un des piliers fondamentaux du th\u00e9\u00e2tre marocain sous toutes ses facettes. Un homme simple au parcours hors pair, mais profond dans son travail, sa vision et son \u0153uvre. Un \u00e9difice culturel porte son nom dans sa ville natale, El Jadida o\u00f9 il vit le jour en 1935.<\/span><\/strong><\/p>\n<p class=\"c4\">C\u2019est dans les ann\u00e9es 50 que le com\u00e9dien fait ses d\u00e9buts dans le monde artistique, avec la cr\u00e9ation de la c\u00e9l\u00e8bre troupe Ma\u00e2moura dirig\u00e9e par Andr\u00e9 Voisin et qui fut une p\u00e9pini\u00e8re, puisque presque tous les hommes de th\u00e9\u00e2tre y sont pass\u00e9s. C\u2019est dans cette troupe qu\u2019Afifi ouvre les yeux sur l\u2019art dramatique, notamment les classiques. Un passage \u00e0 l\u2019\u00e9tranger avant de revenir poursuivre sa carri\u00e8re de com\u00e9dien, de p\u00e9dagogue et d\u2019acteur au Maroc, lui permet de d\u00e9couvrir une autre civilisation, son th\u00e9\u00e2tre et ses arts.<\/p>\n<p class=\"c4\"><strong>De la formation avant toute chose\u2026<\/strong><\/p>\n<p class=\"c4\">Talentueux,\u00a0 Mohamed Sa\u00efd Afifi\u00a0 a eu une formation acad\u00e9mique solide et \u00e9panouie au Maroc et ailleurs. C\u2019\u00e9tait l\u2019un des points forts de l\u2019artiste.\u00a0 De 1951 \u00e0 1956, il int\u00e8gre l\u2019Ecole de th\u00e9\u00e2tre \u00e0 Rabat. D\u2019autres formations et stages arriveront au fil des ann\u00e9es. En 1957, le com\u00e9dien entame son premier\u00a0 stage \u00e0 l\u2019\u00e9tranger \u00e0 l\u2019Ecole de marionnettes sous la direction d\u2019Yves Joly. Puis, un autre en 1958 au \u00ab\u00a0Festival d\u2019Avignon, th\u00e9\u00e2tre de plein air\u00a0\u00bb sous la direction de Marcel Marceau. De 1960 \u00e0 1961, il franchit les portes du Th\u00e9\u00e2tre National Populaire (T.N.P) au Palais de Chaillot pour un autre stage cette fois-ci sous la direction de Jean Vilar. Le parcours de formation ne se limite pas l\u00e0.\u00a0 En\u00a0 1968, il commence un\u00a0 stage au Th\u00e9\u00e2tre national \u00abOld Vick\u00bb \u00e0 Londres. Mohamed Sa\u00efd Afifi fut \u00e9galement l\u2019un des professeurs et p\u00e9dagogues qui ont brill\u00e9 de mille feux dans le domaine de l\u2019enseignement. Il a exerc\u00e9 en tant que professeur de th\u00e9\u00e2tre \u00e0 Casablanca et \u00e0 l\u2019Institut sup\u00e9rieur d\u2019art dramatique et d\u2019animation culturelle (ISADAC) \u00e0 Rabat et a \u00e9t\u00e9 le premier \u00e0 avoir accord\u00e9 des r\u00f4les \u00e0 des non-voyants. Une reconnaissance pour les talents de cette cat\u00e9gorie d\u2019artistes.<\/p>\n<p class=\"c4\"><strong>Un com\u00e9dien qui a m\u00eal\u00e9 trag\u00e9die et com\u00e9die<\/strong><\/p>\n<p class=\"c4\">Un homme irrempla\u00e7able ! Le grand dramaturge a interpr\u00e9t\u00e9 sur sc\u00e8ne les grandes pi\u00e8ces dont\u00a0 \u00abHamlet\u00bb\u00a0 de William Shakespeare,\u00a0 \u00abl\u2019Avare\u00bb de Moli\u00e8re, \u00abTka\u00e2kia\u00bb, une com\u00e9die musicale de Chaharamane,\u00a0 \u00abOthello\u00bb de W.Shakespeare (Premier r\u00f4le), \u00abM\u00e2alem Azzouz\u00bb (adaptation du Barbier de S\u00e9ville) de Beaumarchais,\u00a0 \u00abVolpone\u00a0\u00bb de Ben Johnson,\u00a0 \u00ables caprices de Marianne\u00bb de Musset et \u00abL\u2019\u00e9lixir de la vie\u00bb d\u2019apr\u00e8s l\u2019\u0153uvre du Dr Aziz Lahbabi.<\/p>\n<p class=\"c4\">Depuis les ann\u00e9es 70, le nom de Mohamed Sa\u00efd Afifi s\u2019est confirm\u00e9 dans le milieu artistique et th\u00e9\u00e2tral national. Dans le th\u00e9\u00e2tre comme dans le cin\u00e9ma, le dramaturge a toujours choisi ses r\u00f4les soigneusement. Il a en outre jou\u00e9 dans des films tels que \u00ab\u00c0 la recherche du mari de ma femme\u00bb, \u00abLa fille des nuages\u00bb, \u00abThe Sheltering Sky\u00bb, \u00abFiendens fiende\u00bb, \u00abMille mois\u00bb, \u00abThe Mummy\u00bb, \u00abAssarab\u00bb, \u00abLes enfants du soleil\u00bb, \u00abElle est diab\u00e9tique et hypertendue et refuse encore de crever\u00bb. Il a dirig\u00e9 pendant des ann\u00e9es la troupe du\u00a0 Th\u00e9\u00e2tre municipal d\u2019El Jadida. Une \u00e9poque o\u00f9 il a r\u00e9alis\u00e9 de nombreuses pi\u00e8ces de th\u00e9\u00e2tre, entre autres\u00a0 \u00abSaousaih\u00bb et \u00abTka\u00e2ki\u00e2\u00bb.<\/p>\n<p class=\"c4\">Mohamed Sa\u00efd Afifi a \u00e9t\u00e9 d\u00e9cor\u00e9 le 03 mars 1993 du Wissam du M\u00e9rite National, premi\u00e8re classe. Le 14 Mai 2006 \u00e9tait \u00e9galement une date importante dans son parcours. Il a re\u00e7u le dipl\u00f4me de M\u00e9daille Vermeil remis par Arts- Sciences lettres, acad\u00e9mie couronn\u00e9e par l\u2019Acad\u00e9mie Fran\u00e7aise. Il\u00a0 s\u2019est \u00e9teint \u00e0 l\u2019\u00e2ge de 76 ans \u00e0 Rabat apr\u00e8s de longues ann\u00e9es de cr\u00e9ation et de travail artistique.<\/p>\n<p class=\"c5\"><strong>Mohamed\u00a0Nait Youssef<\/strong><\/p>\n<p>Auteur: rahal mehamed<br \/>\n<a href=\"http:\/\/albayane.press.ma\/mohamed-said-afifi-le-hamlet-marocain.html\">Cliquez ici pour lire l&rsquo;article depuis sa source.<\/a><\/p>\n","protected":false},"excerpt":{"rendered":"<p>Mohamed Sa\u00efd Afifi a investi sa vie dans le th\u00e9\u00e2tre\u2026 amoureusement et passionn\u00e9ment. Il est sans conteste l\u2019un des piliers fondamentaux du th\u00e9\u00e2tre marocain sous toutes ses facettes. Un homme simple au parcours hors pair, mais profond dans son travail, sa vision et son \u0153uvre. Un \u00e9difice culturel porte son nom dans sa ville natale, [&hellip;]<\/p>\n","protected":false},"author":1760,"featured_media":0,"comment_status":"closed","ping_status":"closed","sticky":false,"template":"","format":"standard","meta":{"fifu_image_url":"","fifu_image_alt":"","footnotes":""},"categories":[73,54],"tags":[],"class_list":["post-36290","post","type-post","status-publish","format-standard","hentry","category-actualite","category-maroc"],"_links":{"self":[{"href":"https:\/\/linitiative.ca\/International\/wp-json\/wp\/v2\/posts\/36290","targetHints":{"allow":["GET"]}}],"collection":[{"href":"https:\/\/linitiative.ca\/International\/wp-json\/wp\/v2\/posts"}],"about":[{"href":"https:\/\/linitiative.ca\/International\/wp-json\/wp\/v2\/types\/post"}],"author":[{"embeddable":true,"href":"https:\/\/linitiative.ca\/International\/wp-json\/wp\/v2\/users\/1760"}],"replies":[{"embeddable":true,"href":"https:\/\/linitiative.ca\/International\/wp-json\/wp\/v2\/comments?post=36290"}],"version-history":[{"count":0,"href":"https:\/\/linitiative.ca\/International\/wp-json\/wp\/v2\/posts\/36290\/revisions"}],"wp:attachment":[{"href":"https:\/\/linitiative.ca\/International\/wp-json\/wp\/v2\/media?parent=36290"}],"wp:term":[{"taxonomy":"category","embeddable":true,"href":"https:\/\/linitiative.ca\/International\/wp-json\/wp\/v2\/categories?post=36290"},{"taxonomy":"post_tag","embeddable":true,"href":"https:\/\/linitiative.ca\/International\/wp-json\/wp\/v2\/tags?post=36290"}],"curies":[{"name":"wp","href":"https:\/\/api.w.org\/{rel}","templated":true}]}}