{"id":36291,"date":"2019-05-24T06:32:18","date_gmt":"2019-05-24T10:32:18","guid":{"rendered":"https:\/\/linitiative.ca\/International\/lahoucine-aboudrar-le-debonnaire\/"},"modified":"2019-05-24T06:32:18","modified_gmt":"2019-05-24T10:32:18","slug":"lahoucine-aboudrar-le-debonnaire","status":"publish","type":"post","link":"https:\/\/linitiative.ca\/International\/lahoucine-aboudrar-le-debonnaire\/","title":{"rendered":"Lahoucine Aboudrar, le d\u00e9bonnaire!"},"content":{"rendered":"<p class=\"c4\"><span class=\"c3\"><em><strong><span class=\"c2\">I<\/span>l y a juste quelques semaines, le Dr Lahoucine Aboudrar a rendu le tablier, \u00e0 la t\u00eate de la Facult\u00e9 des sciences juridiques, \u00e9conomiques et sociales d\u2019Agadir. Un beau parcours aussi bien \u00e9loquent que laborieux d\u2019un doyen qui n\u2019aime pas trop les faisceaux des projecteurs ni les gros titres des manchettes.<\/strong><\/em><\/span><\/p>\n<p class=\"c5\">Depuis d\u00e9j\u00e0 de longues ann\u00e9es, il d\u00e9tenait les r\u00eanes de cette institution, avec doigt\u00e9 et abstinence hors pair. Tout au long de sa mission, il a fait montre de vertus au sens large du terme, sans jamais faillir \u00e0 ses devoirs \u00e0 l\u2019\u00e9gard de son entourage pluriel. Il fallait assurer le bon fonctionnement du travail administratif, mais \u00e9galement la bonne assimilation des divers apprentissages au sein d\u2019un jeune \u00e9tablissement encore aux premiers balbutiements. En effet, mise en marche en 1999, la FSJES qui recueillait, chaque ann\u00e9e, dans son campus, plus de 7000 nouveaux postulants \u00e0 des multiples fili\u00e8res, \u00e9manant de toutes les r\u00e9gions du sud du royaume, devait g\u00e9rer vaillamment sans rel\u00e2che, la surabondance de l\u2019effectif et maintenir la stabilit\u00e9 de l\u2019ambiance.<\/p>\n<p class=\"c5\">Ce n\u2019\u00e9tait nullement une aventure de tout repos pour s\u2019acquitter d\u2019une besogne aussi ardue et stressante, d\u2019autant plus que les \u00e9tudes\u00a0 pouss\u00e9es de droit et d\u2019\u00e9conomie captivaient, de plus en plus, les jeunes \u00e9tudiants de tous bords.<\/p>\n<p class=\"c5\">Mais, le doyen sortant avait cet attouchement subtil de d\u00e9crisper les tensions et d\u2019aplanir les dissensions. Il avait \u00e9galement cette d\u00e9licatesse peu commune de dissuader les r\u00e9calcitrants et d\u2019assagir les ren\u00e9gats. En fait, deux d\u00e9cennies d\u2019existence de cette structure embryonnaire ne sauraient instaurer toute l\u2019expertise requise. De bout en bout, le doyen partant a su, avec gr\u00e2ce et finesse, tirer son \u00e9pingle du jeu, en optant pour une gouvernance inclusive et int\u00e9gr\u00e9e de toutes les constituantes de l\u2019instance sup\u00e9rieure en d\u00e9pit des contraintes.<\/p>\n<p class=\"c5\">Certes, cette t\u00e2che a pu \u00e9galement s\u2019accomplir en raison de la coh\u00e9sion qui r\u00e8gne dans les diff\u00e9rentes composantes de l\u2019universit\u00e9 Ibn Zohr que conduit avec brio et succ\u00e8s, l\u2019actuel pr\u00e9sident, Dr Omar Halli. Mais, il va sans dire non plus que les qualit\u00e9s ind\u00e9niables de Lahoucine Aboudrar ne sont plus un secret pour personne. Son affabilit\u00e9 d\u00e9bonnaire et sa magnanimit\u00e9 suave sont reconnues et estim\u00e9es, \u00e0 juste titre, tant au sein de la Facult\u00e9 que dans la vie publique.<\/p>\n<p class=\"c5\">Durant son probant mandat, il n\u2019avait compt\u00e9 que des coll\u00e8gues avec lesquels il partageait les m\u00eames valeurs du m\u00e9tier, mais aussi les pr\u00e9ceptes vertueux. Il savait bien concilier avec doigt\u00e9 et circonspection, la rigueur de la mati\u00e8re cognitive dans les amphith\u00e9\u00e2tres et la ferveur de la passion des \u00e9tudiants. Pour lui, la facult\u00e9 est un berceau de connaissances et un havre d\u2019\u00e9panouissement des aptitudes.<\/p>\n<p class=\"c5\">On retiendra cette symbiose \u00e0 laquelle il\u00a0 s\u2019est attel\u00e9, corps et \u00e2me, \u00e0 tisser avec le staff professoral et la flop\u00e9e d\u00e9ferlante de la cohorte estudiantine de tout acabit. Il bien \u00e9vident qu\u2019on regrettera\u00a0 son d\u00e9part parmi tout ce beau monde, mais il sait bien que toute chose a une fin et que son successeur en compagnie duquel il a gravi un bon bout de chemin, saura assurer la continuit\u00e9 et rehausser davantage le statut d\u2019une entit\u00e9 universitaire de r\u00e9f\u00e9rence mise en fringant \u00e9chafaudage par le doyen sortant. \u00abLe style est l\u2019homme m\u00eame !\u00bb, disait un jour Leclerc de Buffon devant un parterre d\u2019\u00e9rudits de l\u2019acad\u00e9mie fran\u00e7aise. La conscience tranquille et l\u2019esprit ragaillardi, Lahoucine Aboudrar avait ce style propre \u00e0 son charisme qui faisait de lui un gestionnaire av\u00e9r\u00e9, tout en demeurant un citoyen empreint d\u2019humilit\u00e9 et de d\u00e9cence. Gloire \u00e0 toi, Doyen!<\/p>\n<p class=\"c4\"><strong>Saoudi El Amalki<\/strong><\/p>\n<p>Auteur: rahal mehamed<br \/>\n<a href=\"http:\/\/albayane.press.ma\/lahoucine-aboudrar-le-debonnaire.html\">Cliquez ici pour lire l&rsquo;article depuis sa source.<\/a><\/p>\n","protected":false},"excerpt":{"rendered":"<p>Il y a juste quelques semaines, le Dr Lahoucine Aboudrar a rendu le tablier, \u00e0 la t\u00eate de la Facult\u00e9 des sciences juridiques, \u00e9conomiques et sociales d\u2019Agadir. Un beau parcours aussi bien \u00e9loquent que laborieux d\u2019un doyen qui n\u2019aime pas trop les faisceaux des projecteurs ni les gros titres des manchettes. Depuis d\u00e9j\u00e0 de longues [&hellip;]<\/p>\n","protected":false},"author":1760,"featured_media":0,"comment_status":"closed","ping_status":"closed","sticky":false,"template":"","format":"standard","meta":{"fifu_image_url":"","fifu_image_alt":"","footnotes":""},"categories":[73,54],"tags":[],"class_list":["post-36291","post","type-post","status-publish","format-standard","hentry","category-actualite","category-maroc"],"_links":{"self":[{"href":"https:\/\/linitiative.ca\/International\/wp-json\/wp\/v2\/posts\/36291","targetHints":{"allow":["GET"]}}],"collection":[{"href":"https:\/\/linitiative.ca\/International\/wp-json\/wp\/v2\/posts"}],"about":[{"href":"https:\/\/linitiative.ca\/International\/wp-json\/wp\/v2\/types\/post"}],"author":[{"embeddable":true,"href":"https:\/\/linitiative.ca\/International\/wp-json\/wp\/v2\/users\/1760"}],"replies":[{"embeddable":true,"href":"https:\/\/linitiative.ca\/International\/wp-json\/wp\/v2\/comments?post=36291"}],"version-history":[{"count":0,"href":"https:\/\/linitiative.ca\/International\/wp-json\/wp\/v2\/posts\/36291\/revisions"}],"wp:attachment":[{"href":"https:\/\/linitiative.ca\/International\/wp-json\/wp\/v2\/media?parent=36291"}],"wp:term":[{"taxonomy":"category","embeddable":true,"href":"https:\/\/linitiative.ca\/International\/wp-json\/wp\/v2\/categories?post=36291"},{"taxonomy":"post_tag","embeddable":true,"href":"https:\/\/linitiative.ca\/International\/wp-json\/wp\/v2\/tags?post=36291"}],"curies":[{"name":"wp","href":"https:\/\/api.w.org\/{rel}","templated":true}]}}