{"id":36296,"date":"2019-05-24T04:47:11","date_gmt":"2019-05-24T08:47:11","guid":{"rendered":"https:\/\/linitiative.ca\/International\/de-nombreuses-plenieres-en-perspective-acceleration-des-travaux-a-larp-en-prevision-de-la-fin-de-la-legislature\/"},"modified":"2019-05-24T04:47:11","modified_gmt":"2019-05-24T08:47:11","slug":"de-nombreuses-plenieres-en-perspective-acceleration-des-travaux-a-larp-en-prevision-de-la-fin-de-la-legislature","status":"publish","type":"post","link":"https:\/\/linitiative.ca\/International\/de-nombreuses-plenieres-en-perspective-acceleration-des-travaux-a-larp-en-prevision-de-la-fin-de-la-legislature\/","title":{"rendered":"De nombreuses pl\u00e9ni\u00e8res en perspective : Acc\u00e9l\u00e9ration des travaux \u00e0 l\u2019ARP en pr\u00e9vision de la fin de la l\u00e9gislature"},"content":{"rendered":"<p>Le bureau de l\u2019Assembl\u00e9e des Repr\u00e9sentants du Peuple (ARP) a d\u00e9cid\u00e9, hier, jeudi, de tenir une pl\u00e9ni\u00e8re, le 31 mai 2019, consacr\u00e9es \u00e0 des questions orales au ministre de l\u2019Int\u00e9rieur.<\/p>\n<p>Une s\u00e9ance pl\u00e9ni\u00e8re aura, \u00e9galement lieu, le 18 juin prochain, pour l\u2019\u00e9lection des membres de l\u2019Instance de la bonne gouvernance et de la lutte contre la corruption.<\/p>\n<p>Le pr\u00e9sident de l\u2019ARP Mohamed Ennaceur a, dans ce contexte, appel\u00e9 les pr\u00e9sident des blocs parlementaires \u00e0 parvenir \u00e0 un consensus autour de la liste des candidats.<\/p>\n<p>Par ailleurs, le pr\u00e9sident du parlement a invit\u00e9 les pr\u00e9sidents des blocs parlementaires \u00e0 poursuivre les d\u00e9bats afin de parachever l\u2019\u00e9lection des membres de la Cour constitutionnelle.<\/p>\n<p>Le bureau de l\u2019ARP a \u00e9galement d\u00e9cid\u00e9 de tenir des s\u00e9ances pl\u00e9ni\u00e8res les 28, 29 et 30 mai 2019. A l\u2019ordre du jour :<\/p>\n<p>\u2013 Poursuivre l\u2019examen du projet de loi organique n\u00b063\/2018 amendant et compl\u00e9tant la loi organique N\u00b02014-16 du 26 Mai 2014 relative aux \u00e9lections et aux r\u00e9f\u00e9rendums<\/p>\n<p>\u2013 Poursuivre l\u2019examen du projet de loi n\u00b0 2018-64 fixant les crit\u00e8res de d\u00e9coupage des circonscriptions \u00e9lectorales et le nombre de leurs si\u00e8ges.<\/p>\n<p>\u2013 Poursuivre l\u2019examen du projet de loi organique n\u00b02018-69 relatif \u00e0 l\u2019Instance du d\u00e9veloppement durable et de la protection des g\u00e9n\u00e9rations futures.<\/p>\n<p>\u2013 Examen de la proposition de loi n\u00b02019-02 portant sur la modification des chapitres 21 et 23 de la loi n\u00b0 2004- 33 du 19 avril 2004 sur la r\u00e9glementation des transports routiers.<\/p>\n<p>\u2013 Examen du projet de loi n\u00b02019- 11 relatif \u00e0 l\u2019approbation de l\u2019accord de pr\u00eat conclu le 13 d\u00e9cembre 2018 entre le Fonds saoudien pour le d\u00e9veloppement et la R\u00e9publique tunisienne pour le financement du projet \u00ab D\u00e9veloppement agricole int\u00e9gr\u00e9 \u00e0 Joumine, Ghazala et Sajnan (Phase II) \u00bb.<\/p>\n<p>\u2013 Examen du projet de loi relatif \u00e0 l\u2019approbation de l\u2019accord de pr\u00eat sign\u00e9 les 15 janvier 2019 et 22 f\u00e9vrier 2019 entre la R\u00e9publique tunisienne et l\u2019\u2019Institut de Cr\u00e9dit Officiel Espagnol, visant \u00e0 fournir une ligne de financement pour le d\u00e9veloppement des petites et moyennes entreprises.<\/p>\n<p class=\"dpsp-share-text\">Partager c&rsquo;est aimer!<\/p>\n<div class=\"wp-post-author-wrap wp-post-author-shortcode left\">\n<h3 class=\"awpa-title\"\/>\n<div class=\"wp-post-author\">\n<div class=\"awpa-img awpa-author-block square\"><a href=\"http:\/\/lexpertjournal.net\/fr\/author\/expert\/\"><img loading=\"lazy\" decoding=\"async\" alt=\"\" src=\"http:\/\/2.gravatar.com\/avatar\/56d99be2a6f97af88ccb49fada637fcd?s=150&#038;d=mm&#038;r=g\" srcset=\"http:\/\/2.gravatar.com\/avatar\/56d99be2a6f97af88ccb49fada637fcd?s=300&#038;d=mm&#038;r=g 2x\" class=\"avatar avatar-150 photo\" height=\"150\" width=\"150\"\/><\/a><\/div>\n<\/div>\n<\/div>\n<p>Auteur: L&rsquo;expert<br \/>\n<a href=\"http:\/\/lexpertjournal.net\/fr\/2019\/05\/24\/de-nombreuses-plenieres-en-perspective-acceleration-des-travaux-a-larp-en-prevision-de-la-fin-de-la-legislature\/\">Cliquez ici pour lire l&rsquo;article depuis sa source.<\/a><\/p>\n","protected":false},"excerpt":{"rendered":"<p>Le bureau de l\u2019Assembl\u00e9e des Repr\u00e9sentants du Peuple (ARP) a d\u00e9cid\u00e9, hier, jeudi, de tenir une pl\u00e9ni\u00e8re, le 31 mai 2019, consacr\u00e9es \u00e0 des questions orales au ministre de l\u2019Int\u00e9rieur. Une s\u00e9ance pl\u00e9ni\u00e8re aura, \u00e9galement lieu, le 18 juin prochain, pour l\u2019\u00e9lection des membres de l\u2019Instance de la bonne gouvernance et de la lutte contre [&hellip;]<\/p>\n","protected":false},"author":1775,"featured_media":0,"comment_status":"closed","ping_status":"closed","sticky":false,"template":"","format":"standard","meta":{"fifu_image_url":"","fifu_image_alt":"","footnotes":""},"categories":[78,55],"tags":[],"class_list":["post-36296","post","type-post","status-publish","format-standard","hentry","category-economie","category-tunisie"],"_links":{"self":[{"href":"https:\/\/linitiative.ca\/International\/wp-json\/wp\/v2\/posts\/36296","targetHints":{"allow":["GET"]}}],"collection":[{"href":"https:\/\/linitiative.ca\/International\/wp-json\/wp\/v2\/posts"}],"about":[{"href":"https:\/\/linitiative.ca\/International\/wp-json\/wp\/v2\/types\/post"}],"author":[{"embeddable":true,"href":"https:\/\/linitiative.ca\/International\/wp-json\/wp\/v2\/users\/1775"}],"replies":[{"embeddable":true,"href":"https:\/\/linitiative.ca\/International\/wp-json\/wp\/v2\/comments?post=36296"}],"version-history":[{"count":0,"href":"https:\/\/linitiative.ca\/International\/wp-json\/wp\/v2\/posts\/36296\/revisions"}],"wp:attachment":[{"href":"https:\/\/linitiative.ca\/International\/wp-json\/wp\/v2\/media?parent=36296"}],"wp:term":[{"taxonomy":"category","embeddable":true,"href":"https:\/\/linitiative.ca\/International\/wp-json\/wp\/v2\/categories?post=36296"},{"taxonomy":"post_tag","embeddable":true,"href":"https:\/\/linitiative.ca\/International\/wp-json\/wp\/v2\/tags?post=36296"}],"curies":[{"name":"wp","href":"https:\/\/api.w.org\/{rel}","templated":true}]}}