{"id":36297,"date":"2019-05-24T04:49:31","date_gmt":"2019-05-24T08:49:31","guid":{"rendered":"https:\/\/linitiative.ca\/International\/bilan-du-pelerinage-de-la-ghriba-presence-de-pres-de-6000-visiteurs-et-environ-250-journalistes-etrangers\/"},"modified":"2019-05-24T04:49:31","modified_gmt":"2019-05-24T08:49:31","slug":"bilan-du-pelerinage-de-la-ghriba-presence-de-pres-de-6000-visiteurs-et-environ-250-journalistes-etrangers","status":"publish","type":"post","link":"https:\/\/linitiative.ca\/International\/bilan-du-pelerinage-de-la-ghriba-presence-de-pres-de-6000-visiteurs-et-environ-250-journalistes-etrangers\/","title":{"rendered":"Bilan du p\u00e8lerinage de la Ghriba : Pr\u00e9sence de pr\u00e8s de 6000 visiteurs et environ 250 journalistes \u00e9trangers"},"content":{"rendered":"<p>Quelque 5004 visiteurs sont arriv\u00e9s jusqu\u2019\u00e0 mercredi pour le p\u00e8lerinage \u00e0 la synagogue de la Ghriba (du 22 au 23 mai 2019), selon le ministre du Tourisme et de l\u2019artisanat, Ren\u00e9 Trabelsi.<\/p>\n<p>D\u2019autres visiteurs sont attendus \u00e0 bord de vols en provenance de l\u2019a\u00e9roport de Tunis-Carthage et de celui de Djeba-Zarzis, ce qui portera le nombre des visiteurs \u00e0 pr\u00e8s de 6 mille personnes, a affirm\u00e9 le ministre, lors d\u2019une conf\u00e9rence de presse tenue hier \u00e0 Djerba. D\u2019apr\u00e8s les \u00e9chos, environ 250 journalistes \u00e9trangers, en plus des m\u00e9dias nationaux, ont couvert cet \u00e9v\u00e9nement tr\u00e8s important pour l\u2019avenir du tourisme en Tunisie.<\/p>\n<p>Ren\u00e9 Trabelsi a ajout\u00e9 que la visite de la synagogue de la Ghriba est une r\u00e9ussite, aux plans s\u00e9curitaires et organisationnels. Ainsi, le nombre des visiteurs a doubl\u00e9 par rapport \u00e0 l\u2019ann\u00e9e pr\u00e9c\u00e9dente et la confiance s\u2019est r\u00e9tablie en la Tunisie, comme en t\u00e9moigne le retour d\u2019un nombre important de juifs qui ont quitt\u00e9 le pays depuis 30 et 40 ans. Il a soulign\u00e9 que la r\u00e9ussite du p\u00e8lerinage de la Ghriba permet d\u2019ancrer l\u2019image d\u2019un pays de tol\u00e9rance et de coexistence et d\u2019envoyer des messages au monde, montrant une Tunisie ouverte et pacifique.<\/p>\n<p>Ren\u00e9 a pr\u00e9cis\u00e9 que la Ghriba pourrait attirer 20 mille visiteurs au cours des prochaines ann\u00e9es, non pas seulement les juifs tunisiens mais d\u2019autres nationalit\u00e9s sauf que ceci exige de grands efforts et la conqu\u00eate de plusieurs march\u00e9s.<\/p>\n<p>D\u2019apr\u00e8s Trabelsi, la r\u00e9ussite de la visite de la Ghriba est un indicateur positif qui refl\u00e8te la reprise de la saison touristique cette ann\u00e9e, alors que 9 millions de touristes seront attendus, pour la plupart en provenance des march\u00e9s europ\u00e9ens, mais aussi, des march\u00e9s alg\u00e9rien, libyen et chinois.<\/p>\n<p class=\"dpsp-share-text\">Partager c&rsquo;est aimer!<\/p>\n<div class=\"wp-post-author-wrap wp-post-author-shortcode left\">\n<h3 class=\"awpa-title\"\/>\n<div class=\"wp-post-author\">\n<div class=\"awpa-img awpa-author-block square\"><a href=\"http:\/\/lexpertjournal.net\/fr\/author\/expert\/\"><img loading=\"lazy\" decoding=\"async\" alt=\"\" src=\"http:\/\/2.gravatar.com\/avatar\/56d99be2a6f97af88ccb49fada637fcd?s=150&#038;d=mm&#038;r=g\" srcset=\"http:\/\/2.gravatar.com\/avatar\/56d99be2a6f97af88ccb49fada637fcd?s=300&#038;d=mm&#038;r=g 2x\" class=\"avatar avatar-150 photo\" height=\"150\" width=\"150\"\/><\/a><\/div>\n<\/div>\n<\/div>\n<p>Auteur: L&rsquo;expert<br \/>\n<a href=\"http:\/\/lexpertjournal.net\/fr\/2019\/05\/24\/bilan-du-pelerinage-de-la-ghriba-presence-de-pres-de-6000-visiteurs-et-environ-250-journalistes-etrangers\/\">Cliquez ici pour lire l&rsquo;article depuis sa source.<\/a><\/p>\n","protected":false},"excerpt":{"rendered":"<p>Quelque 5004 visiteurs sont arriv\u00e9s jusqu\u2019\u00e0 mercredi pour le p\u00e8lerinage \u00e0 la synagogue de la Ghriba (du 22 au 23 mai 2019), selon le ministre du Tourisme et de l\u2019artisanat, Ren\u00e9 Trabelsi. D\u2019autres visiteurs sont attendus \u00e0 bord de vols en provenance de l\u2019a\u00e9roport de Tunis-Carthage et de celui de Djeba-Zarzis, ce qui portera le [&hellip;]<\/p>\n","protected":false},"author":1775,"featured_media":0,"comment_status":"closed","ping_status":"closed","sticky":false,"template":"","format":"standard","meta":{"fifu_image_url":"","fifu_image_alt":"","footnotes":""},"categories":[78,55],"tags":[],"class_list":["post-36297","post","type-post","status-publish","format-standard","hentry","category-economie","category-tunisie"],"_links":{"self":[{"href":"https:\/\/linitiative.ca\/International\/wp-json\/wp\/v2\/posts\/36297","targetHints":{"allow":["GET"]}}],"collection":[{"href":"https:\/\/linitiative.ca\/International\/wp-json\/wp\/v2\/posts"}],"about":[{"href":"https:\/\/linitiative.ca\/International\/wp-json\/wp\/v2\/types\/post"}],"author":[{"embeddable":true,"href":"https:\/\/linitiative.ca\/International\/wp-json\/wp\/v2\/users\/1775"}],"replies":[{"embeddable":true,"href":"https:\/\/linitiative.ca\/International\/wp-json\/wp\/v2\/comments?post=36297"}],"version-history":[{"count":0,"href":"https:\/\/linitiative.ca\/International\/wp-json\/wp\/v2\/posts\/36297\/revisions"}],"wp:attachment":[{"href":"https:\/\/linitiative.ca\/International\/wp-json\/wp\/v2\/media?parent=36297"}],"wp:term":[{"taxonomy":"category","embeddable":true,"href":"https:\/\/linitiative.ca\/International\/wp-json\/wp\/v2\/categories?post=36297"},{"taxonomy":"post_tag","embeddable":true,"href":"https:\/\/linitiative.ca\/International\/wp-json\/wp\/v2\/tags?post=36297"}],"curies":[{"name":"wp","href":"https:\/\/api.w.org\/{rel}","templated":true}]}}