{"id":36299,"date":"2019-05-24T04:58:24","date_gmt":"2019-05-24T08:58:24","guid":{"rendered":"https:\/\/linitiative.ca\/International\/ramadan-et-le-jeune-recurrence-des-violations-des-libertes-individuelles\/"},"modified":"2019-05-24T04:58:24","modified_gmt":"2019-05-24T08:58:24","slug":"ramadan-et-le-jeune-recurrence-des-violations-des-libertes-individuelles","status":"publish","type":"post","link":"https:\/\/linitiative.ca\/International\/ramadan-et-le-jeune-recurrence-des-violations-des-libertes-individuelles\/","title":{"rendered":"Ramadan et le je\u00fbne : R\u00e9currence des violations des libert\u00e9s individuelles"},"content":{"rendered":"<p>Violer les droits individuels, imposer le je\u00fbne aux citoyens et fermer les caf\u00e9s et les restaurants au nom de la religion sont des pratiques qui contrastent avec les fondements et les principes de l\u2019Etat civil que nous \u0153uvrons \u00e0 mettre en place, ont mis en garde hier des associations et des organisations nationales.<\/p>\n<p>Ces composantes civiles ont exprim\u00e9 dans une d\u00e9claration commune leur inqui\u00e9tude de la r\u00e9currence de la violation des libert\u00e9s individuelles par les autorit\u00e9s publiques durant le mois saint, et ce \u00e0 travers les descentes effectu\u00e9es dans les caf\u00e9s par les agents des forces de l\u2019ordre qui donnent lieu \u00e0 l\u2019arrestation et \u00e0 la conduite au poste de police sous la menace, des personnes fr\u00e9quentant ces lieux.<\/p>\n<p>Les autorit\u00e9s tunisiennes et particuli\u00e8rement le minist\u00e8re de l\u2019int\u00e9rieur doivent imp\u00e9rativement respecter les trait\u00e9s internationaux garantissant les libert\u00e9s individuelles (pens\u00e9e, croyance et conscience).<\/p>\n<p>Les signataires soulignent, dans ce sens, la n\u00e9cessit\u00e9 de respecter les principes de la Constitution de 2014 qui garantit, dans son article 6, la libert\u00e9 de croyance, de conscience et de l\u2019exercice des cultes.<\/p>\n<p>Les organisations et associations nationales d\u00e9plorent le comportement d\u2019un policier qui n\u2019a pas h\u00e9sit\u00e9 \u00e0 brandir son revolver dans un caf\u00e9 de la ville de Sfax, regrettant la position du porte-parole du minist\u00e8re de l\u2019int\u00e9rieur qui consid\u00e8re l\u2019arme du policier comme signe implacable de son identit\u00e9.<\/p>\n<p>\u00ab L\u2019arme du policier qui devait servir \u00e0 prot\u00e9ger les citoyens et \u00e0 faire valoir la loi, ne peut dans un Etat de droit et des institutions, \u00eatre point\u00e9 au visage d\u2019un citoyen sous pr\u00e9texte que cette arme constitue l\u2019identit\u00e9 m\u00eame du policier \u00bb, lit-on dans le texte de la d\u00e9claration commune.<\/p>\n<p>Elles ont \u00e9galement fait part de leur soutien ind\u00e9fectible aux victimes de pareils abus, exprimant leur disposition \u00e0 les aider au cas o\u00f9 elles d\u00e9cident de saisir la Justice.<\/p>\n<p>La d\u00e9claration commune a \u00e9t\u00e9 sign\u00e9e par le Syndicat National des Journalistes Tunisiens, l\u2019Association Tunisienne des Femmes d\u00e9mocrates et la Ligue Tunisienne pour les des Droits de l\u2019Homme, le Comit\u00e9 pour le respect des libert\u00e9s et des droits de l\u2019homme en Tunisie, l\u2019Union G\u00e9n\u00e9rale des Etudiants de Tunisie, l\u2019Association tunisienne de d\u00e9fense des libert\u00e9s individuelles, l\u2019Association tunisienne de d\u00e9fense des valeurs universitaires, l\u2019Association Beity et Yakadha pour la d\u00e9mocratie et l\u2019Etat civil.<\/p>\n<p class=\"dpsp-share-text\">Partager c&rsquo;est aimer!<\/p>\n<div class=\"wp-post-author-wrap wp-post-author-shortcode left\">\n<h3 class=\"awpa-title\"\/>\n<div class=\"wp-post-author\">\n<div class=\"awpa-img awpa-author-block square\"><a href=\"http:\/\/lexpertjournal.net\/fr\/author\/expert\/\"><img loading=\"lazy\" decoding=\"async\" alt=\"\" src=\"http:\/\/2.gravatar.com\/avatar\/56d99be2a6f97af88ccb49fada637fcd?s=150&#038;d=mm&#038;r=g\" srcset=\"http:\/\/2.gravatar.com\/avatar\/56d99be2a6f97af88ccb49fada637fcd?s=300&#038;d=mm&#038;r=g 2x\" class=\"avatar avatar-150 photo\" height=\"150\" width=\"150\"\/><\/a><\/div>\n<\/div>\n<\/div>\n<p>Auteur: L&rsquo;expert<br \/>\n<a href=\"http:\/\/lexpertjournal.net\/fr\/2019\/05\/24\/ramadan-et-le-jeune-recurrence-des-violations-des-libertes-individuelles\/\">Cliquez ici pour lire l&rsquo;article depuis sa source.<\/a><\/p>\n","protected":false},"excerpt":{"rendered":"<p>Violer les droits individuels, imposer le je\u00fbne aux citoyens et fermer les caf\u00e9s et les restaurants au nom de la religion sont des pratiques qui contrastent avec les fondements et les principes de l\u2019Etat civil que nous \u0153uvrons \u00e0 mettre en place, ont mis en garde hier des associations et des organisations nationales. Ces composantes [&hellip;]<\/p>\n","protected":false},"author":1775,"featured_media":0,"comment_status":"closed","ping_status":"closed","sticky":false,"template":"","format":"standard","meta":{"fifu_image_url":"","fifu_image_alt":"","footnotes":""},"categories":[78,55],"tags":[],"class_list":["post-36299","post","type-post","status-publish","format-standard","hentry","category-economie","category-tunisie"],"_links":{"self":[{"href":"https:\/\/linitiative.ca\/International\/wp-json\/wp\/v2\/posts\/36299","targetHints":{"allow":["GET"]}}],"collection":[{"href":"https:\/\/linitiative.ca\/International\/wp-json\/wp\/v2\/posts"}],"about":[{"href":"https:\/\/linitiative.ca\/International\/wp-json\/wp\/v2\/types\/post"}],"author":[{"embeddable":true,"href":"https:\/\/linitiative.ca\/International\/wp-json\/wp\/v2\/users\/1775"}],"replies":[{"embeddable":true,"href":"https:\/\/linitiative.ca\/International\/wp-json\/wp\/v2\/comments?post=36299"}],"version-history":[{"count":0,"href":"https:\/\/linitiative.ca\/International\/wp-json\/wp\/v2\/posts\/36299\/revisions"}],"wp:attachment":[{"href":"https:\/\/linitiative.ca\/International\/wp-json\/wp\/v2\/media?parent=36299"}],"wp:term":[{"taxonomy":"category","embeddable":true,"href":"https:\/\/linitiative.ca\/International\/wp-json\/wp\/v2\/categories?post=36299"},{"taxonomy":"post_tag","embeddable":true,"href":"https:\/\/linitiative.ca\/International\/wp-json\/wp\/v2\/tags?post=36299"}],"curies":[{"name":"wp","href":"https:\/\/api.w.org\/{rel}","templated":true}]}}