{"id":36305,"date":"2019-05-24T05:55:27","date_gmt":"2019-05-24T09:55:27","guid":{"rendered":"https:\/\/linitiative.ca\/International\/journee-consacree-a-la-lutte-contre-le-changement-climatique-et-a-la-croissance-verte\/"},"modified":"2019-05-24T05:55:27","modified_gmt":"2019-05-24T09:55:27","slug":"journee-consacree-a-la-lutte-contre-le-changement-climatique-et-a-la-croissance-verte","status":"publish","type":"post","link":"https:\/\/linitiative.ca\/International\/journee-consacree-a-la-lutte-contre-le-changement-climatique-et-a-la-croissance-verte\/","title":{"rendered":"Journ\u00e9e consacr\u00e9e \u00e0 la lutte contre le changement climatique et \u00e0 la croissance verte"},"content":{"rendered":"<table class=\"wp-block-table\">\n<tbody>\n<tr>\n<td><strong><em>La Banque africaine de d\u00e9veloppement a promis d\u2019aider les pays africains dans la mise en \u0153uvre de leur plan de lutte contre le changement climatique<\/em><\/strong><\/td>\n<\/tr>\n<tr>\n<td>ABIDJAN, C\u00f4te d\u2019Ivoire, 23 mai 2019\/ \u2014\u00a0<strong>QUI\u00a0?<\/strong>\u00a0D\u00e9partement du Changement climatique et de la Croissance verte<br \/><strong>QUOI?<\/strong>\u00a0a Journ\u00e9e du changement climatique et de la croissance verte<br \/><strong>O\u00d9\u00a0?<\/strong>\u00a0Auditorium Babacar Ndiaye, si\u00e8ge de la Banque africaine de d\u00e9veloppement, Abidjan<\/p>\n<p><strong>QUAND\u00a0?\u00a0<\/strong>Le lundi 27 mai 2019\u00a0 \u00e0 14h00<\/p>\n<p>La Banque africaine de d\u00e9veloppement (<a rel=\"noreferrer noopener\" href=\"http:\/\/www.afdb.org\/\" target=\"_blank\">www.AfDB.org<\/a>) organise, le lundi 27 mai 2019, \u00e0 son si\u00e8ge d\u2019Abidjan, une Journ\u00e9e sur le changement climatique et la croissance verte. Cette manifestation s\u2019inscrit dans le cadre de la cr\u00e9ation d\u2019une plate-forme o\u00f9\u00a0l\u2019accent sera mis sur la contribution de chaque secteur en vue de la r\u00e9alisation des ambitieux objectifs de la Banque en mati\u00e8re de changement climatique et de croissance verte.<\/p>\n<p>Un colloque consacr\u00e9 \u00e0\u00a0<strong>\u00ab\u2009la transition de l\u2019aide d\u2019urgence vers la r\u00e9silience\u00a0\u00bb\u00a0<\/strong>sera articul\u00e9 autour de deux tables rondes et un s\u00e9minaire sur les r\u00e9alisations et les obstacles rencontr\u00e9s dans la lutte contre le changement climatique lors des op\u00e9rations men\u00e9es par la Banque. Le pr\u00e9sident de la Banque africaine de d\u00e9veloppement, Akinwumi Adesina, prononcera l\u2019allocution d\u2019ouverture du colloque.<\/p>\n<p>La premi\u00e8re table ronde sera consacr\u00e9e \u00e0 l\u2019examen des approches, des perspectives et des obstacles en mati\u00e8re de renforcement de la r\u00e9silience en Afrique.<\/p>\n<p>La seconde table ronde portera sur le financement et les mod\u00e8les \u00e9conomiques permettant de renforcer la r\u00e9silience au changement climatique en Afrique.<\/p>\n<p>La Banque africaine de d\u00e9veloppement a promis d\u2019aider les pays africains dans la mise en \u0153uvre de leur plan de lutte contre le changement climatique. Dans son Plan d\u2019action contre le changement climatique pour la p\u00e9riode\u00a02016-2020, la Banque s\u2019est engag\u00e9e \u00e0 tripler les financements ad hoc pour atteindre 40% des projets approuv\u00e9s d\u2019ici \u00e0 2020.<\/p>\n<p>\u00ab\u2009Il est important que tout le monde comprenne que le changement climatique est une question intersectorielle. Il est pass\u00e9 d\u2019une pr\u00e9occupation environnementale \u00e0 une menace pour le d\u00e9veloppement, particuli\u00e8rement en Afrique. La Banque africaine de d\u00e9veloppement affiche un engagement ferme au niveau des politiques et de la mise en \u0153uvre d\u2019une approche de d\u00e9veloppement compatible avec le changement climatique en Afrique\u2009\u00bb, a d\u00e9clar\u00e9 Anthony Nyong, directeur charg\u00e9 de la lutte contre le changement climatique et la croissance verte \u00e0 la Banque, qui figure parmi les \u00ab\u2009100 personnalit\u00e9s les plus influentes de la plan\u00e8te en mati\u00e8re de politique climatique\u2009\u00bb.<\/p>\n<p>Une exposition est pr\u00e9vue dans le hall du b\u00e2timent. Elle mettra\u00a0 en lumi\u00e8re l\u2019action de la Banque dans les domaines de l\u2019\u00e9nergie, de l\u2019agriculture et des for\u00eats, de l\u2019eau, des transports et des villes, de l\u2019\u00e9galit\u00e9 des genres et du d\u00e9veloppement humain, et des services d\u2019information sur le changement climatique.<br \/><em>Distribu\u00e9 par APO Group pour African Development Bank Group (AfDB).<\/em><\/p>\n<\/td>\n<\/tr>\n<\/tbody>\n<\/table>\n<p class=\"dpsp-share-text\">Partager c&rsquo;est aimer!<\/p>\n<div class=\"wp-post-author-wrap wp-post-author-shortcode left\">\n<h3 class=\"awpa-title\"\/>\n<div class=\"wp-post-author\">\n<div class=\"awpa-img awpa-author-block square\"><a href=\"http:\/\/lexpertjournal.net\/fr\/author\/expert\/\"><img loading=\"lazy\" decoding=\"async\" alt=\"\" src=\"http:\/\/2.gravatar.com\/avatar\/56d99be2a6f97af88ccb49fada637fcd?s=150&#038;d=mm&#038;r=g\" srcset=\"http:\/\/2.gravatar.com\/avatar\/56d99be2a6f97af88ccb49fada637fcd?s=300&#038;d=mm&#038;r=g 2x\" class=\"avatar avatar-150 photo\" height=\"150\" width=\"150\"\/><\/a><\/div>\n<\/div>\n<\/div>\n<p>Auteur: L&rsquo;expert<br \/>\n<a href=\"http:\/\/lexpertjournal.net\/fr\/2019\/05\/24\/journee-consacree-a-la-lutte-contre-le-changement-climatique-et-a-la-croissance-verte\/\">Cliquez ici pour lire l&rsquo;article depuis sa source.<\/a><\/p>\n","protected":false},"excerpt":{"rendered":"<p>La Banque africaine de d\u00e9veloppement a promis d\u2019aider les pays africains dans la mise en \u0153uvre de leur plan de lutte contre le changement climatique ABIDJAN, C\u00f4te d\u2019Ivoire, 23 mai 2019\/ \u2014\u00a0QUI\u00a0?\u00a0D\u00e9partement du Changement climatique et de la Croissance verteQUOI?\u00a0a Journ\u00e9e du changement climatique et de la croissance verteO\u00d9\u00a0?\u00a0Auditorium Babacar Ndiaye, si\u00e8ge de la Banque [&hellip;]<\/p>\n","protected":false},"author":1775,"featured_media":0,"comment_status":"closed","ping_status":"closed","sticky":false,"template":"","format":"standard","meta":{"fifu_image_url":"","fifu_image_alt":"","footnotes":""},"categories":[78,55],"tags":[],"class_list":["post-36305","post","type-post","status-publish","format-standard","hentry","category-economie","category-tunisie"],"_links":{"self":[{"href":"https:\/\/linitiative.ca\/International\/wp-json\/wp\/v2\/posts\/36305","targetHints":{"allow":["GET"]}}],"collection":[{"href":"https:\/\/linitiative.ca\/International\/wp-json\/wp\/v2\/posts"}],"about":[{"href":"https:\/\/linitiative.ca\/International\/wp-json\/wp\/v2\/types\/post"}],"author":[{"embeddable":true,"href":"https:\/\/linitiative.ca\/International\/wp-json\/wp\/v2\/users\/1775"}],"replies":[{"embeddable":true,"href":"https:\/\/linitiative.ca\/International\/wp-json\/wp\/v2\/comments?post=36305"}],"version-history":[{"count":0,"href":"https:\/\/linitiative.ca\/International\/wp-json\/wp\/v2\/posts\/36305\/revisions"}],"wp:attachment":[{"href":"https:\/\/linitiative.ca\/International\/wp-json\/wp\/v2\/media?parent=36305"}],"wp:term":[{"taxonomy":"category","embeddable":true,"href":"https:\/\/linitiative.ca\/International\/wp-json\/wp\/v2\/categories?post=36305"},{"taxonomy":"post_tag","embeddable":true,"href":"https:\/\/linitiative.ca\/International\/wp-json\/wp\/v2\/tags?post=36305"}],"curies":[{"name":"wp","href":"https:\/\/api.w.org\/{rel}","templated":true}]}}