{"id":36306,"date":"2019-05-24T05:58:01","date_gmt":"2019-05-24T09:58:01","guid":{"rendered":"https:\/\/linitiative.ca\/International\/la-journee-de-lafrique-afrika-vuka-notre-avenir-est-en-jeu-nous-exigeons-une-afrique-sans-energies-fossiles\/"},"modified":"2019-05-24T05:58:01","modified_gmt":"2019-05-24T09:58:01","slug":"la-journee-de-lafrique-afrika-vuka-notre-avenir-est-en-jeu-nous-exigeons-une-afrique-sans-energies-fossiles","status":"publish","type":"post","link":"https:\/\/linitiative.ca\/International\/la-journee-de-lafrique-afrika-vuka-notre-avenir-est-en-jeu-nous-exigeons-une-afrique-sans-energies-fossiles\/","title":{"rendered":"La Journ\u00e9e de l\u2019Afrique \u2013 Afrika Vuka ! Notre avenir est en jeu. Nous exigeons une Afrique sans \u00e9nergies fossiles"},"content":{"rendered":"<table class=\"wp-block-table aligncenter\">\n<tbody>\n<tr>\n<td\/>\n<\/tr>\n<tr>\n<td><strong><em>La Journ\u00e9e de l\u2019Afrique est le symbole de l\u2019aspiration \u00e0 l\u2019autod\u00e9termination contre l\u2019exploitation des ressources naturelles<\/em><\/strong><\/td>\n<\/tr>\n<tr>\n<td>JOHANNESBURG, Afrique du Sud, 24 mai 2019\/ \u2014 Afrique \u2013 En ce jour m\u00e9morable pour les Africains, des milliers de personnes de toutes origines se sont unies et rassembl\u00e9es dans plus de 20 pays du continent pour t\u00e9moigner de leur soutien \u00e0 la lutte constante contre les combustibles fossiles et plaider pour une justice climatique.<\/p>\n<p><strong>Depuis son origine, la Journ\u00e9e de l\u2019Afrique est le symbole de l\u2019aspiration \u00e0 l\u2019autod\u00e9termination contre l\u2019exploitation des ressources naturelles qui ont abouti \u00e0 un continent en perp\u00e9tuel conflit et au bord d\u2019une crise climatique d\u00e9vastatrice.\u00a0<\/strong><\/p>\n<p>Le chef d\u2019\u00e9quipe r\u00e9gional de 350Africa.org, Landry Ninteretse, a d\u00e9clar\u00e9 : \u00ab\u00a0Ces derniers mois, nous avons constat\u00e9 les effets climatiques des Cyclones Idai et Kenneth au Mozambique, au Malawi, en Tanzanie et au Zimbabwe, avec des s\u00e9cheresses et des inondations dans la r\u00e9gion du KwaZulu-Natal et \u00e0 l\u2019Est du Cap. Exception faite de l\u2019Afrique du Sud, les pays africains ont relativement peu \u0153uvr\u00e9 afin de contribuer au changement climatique ; ils sont cependant s\u00e9v\u00e8rement touch\u00e9s et poss\u00e8dent peu de ressources leur permettant de faire face aux cons\u00e9quences de celui-ci.\u00a0<strong>Les pays africains les moins d\u00e9velopp\u00e9s fr\u00f4lent la catastrophe naturelle qui les ferait sombrer dans une spirale n\u00e9gative de pauvret\u00e9 et dans une absence d\u2019acc\u00e8s \u00e0 des opportunit\u00e9s sociales et \u00e9conomiques, exacerb\u00e9es par le changement climatique.\u00a0\u00bb\u00a0<\/strong><\/p>\n<p>Les participants des communaut\u00e9s p\u00e9troli\u00e8res et charbonni\u00e8res, dont les communaut\u00e9s de la p\u00eache et de l\u2019agriculture ; les clubs d\u2019\u00e9nergie renouvelable destin\u00e9s aux femmes et aux jeunes ; les acteurs de la soci\u00e9t\u00e9 civile ; les dirigeants de district dont les agents de l\u2019environnement, les agents de d\u00e9veloppement communautaire et les agents forestiers; les responsables municipaux et les dirigeants culturels et religieux, ont tous particip\u00e9 \u00e0 diverses activit\u00e9s dans le but d\u2019envoyer le message fort selon lequel\u00a0<strong>l\u2019Afrique n\u2019est pas tenue de recourir aux combustibles fossiles pour r\u00e9pondre \u00e0 sa demande \u00e9nerg\u00e9tique<\/strong>, mais qu\u2019elle doit plut\u00f4t amener le monde \u00e0 adopter une transition \u00e9nerg\u00e9tique \u00e9quitable aliment\u00e9e par des ressources renouvelables \u00e0 bas co\u00fbt.<\/p>\n<p>\u00a0\u00ab\u00a0Les combustibles fossiles ont \u00e9t\u00e9 identifi\u00e9s comme \u00e9tant l\u2019un des principaux moteurs du changement climatique\u00a0\u00bb, a d\u00e9clar\u00e9 Michael David Terungwa de GISEP, au Nig\u00e9ria. \u00ab\u00a0Les personnes qui se sont mobilis\u00e9es aujourd\u2019hui en faveur d\u2019AfrikaVuka (<a href=\"https:\/\/afrikavuka.org\/\" target=\"_blank\" rel=\"noreferrer noopener\">https:\/\/AfrikaVuka.org<\/a>)\u00a0 exigent une \u00e9limination rapide de \u00e9nergies fossiles. En d\u00e9pit de preuves accablantes selon lesquelles l\u2019utilisation continue de combustibles fossiles est en train de tuer notre plan\u00e8te \u2013 et simultan\u00e9ment un grand nombre d\u2019entre nous \u2013\u00a0<strong>les investisseurs semblent s\u2019acharner compl\u00e8tement \u00e0 s\u2019enrichir aux d\u00e9pends de milliards de personnes. Les responsables au pouvoir ne font rien pour mettre un terme \u00e0 cette folie,\u00a0<\/strong>mais l\u2019alimentent, au contraire, en faisant valoir que davantage de centrales \u00e9lectriques \u00e0 charbon \u00e0 Lamu, un site officiel du patrimoine mondial de l\u2019UNESCO, et l\u2019exploration p\u00e9troli\u00e8re au sein du Parc national Virunga en RDC, un haut lieu de la biodiversit\u00e9, pour n\u2019en nommer que quelques-uns, seront b\u00e9n\u00e9fiques pour le d\u00e9veloppement. Mais \u00ab\u00a0De quel d\u00e9veloppement s\u2019agit-il exactement ?\u00a0\u00bb, nous demandons-nous.\u00a0<strong>Il existe une voie vers un d\u00e9veloppement \u00e9quitable qui accorde une place centrale aux personnes, \u00e0 leur s\u00e9curit\u00e9 et \u00e0 la r\u00e9silience de l\u2019environnement dont nous d\u00e9pendons tous.\u00a0\u00bb<\/strong><\/p>\n<p>Le monde poss\u00e8de les moyens techniques et financiers d\u2019inverser la tendance \u00e0 la hausse des \u00e9missions de GES et des temp\u00e9ratures. Nous nous trouvons \u00e0 une p\u00e9riode critique dans laquelle nous devons repenser nombre de nos syst\u00e8mes, lancer un nouveau mode de travail, de voyage, de culture de nos aliments et de production de notre \u00e9nergie. Ce qui fait d\u00e9faut est la volont\u00e9 politique qui, \u00e0 son tour, ne peut \u00eatre activ\u00e9e que par une croissance extraordinaire des mouvements bas\u00e9s sur des mesures en faveur du climat et du changement social.<\/p>\n<p>En tant que continent le moins responsable, mais le plus vuln\u00e9rable, en termes de changement climatique, l\u2019Afrique n\u2019a pas besoin de combustibles fossiles pour atteindre ses objectifs de d\u00e9veloppement. Les activistes et les communaut\u00e9s qui se sont mobilis\u00e9es appellent les gouvernements africains \u00e0 honorer l\u2019engagement, pris en novembre 2016 par 16 gouvernements africains lors du Climate Vulnerable Forum, qui vise \u00e0 acc\u00e9l\u00e9rer la transition vers une \u00e9conomie reposant sur des ressources \u00e9nerg\u00e9tiques \u00e0 100% renouvelables.<em>Distribu\u00e9 par APO Group pour 350Africa.org.<\/em><\/p>\n<\/td>\n<\/tr>\n<\/tbody>\n<\/table>\n<p class=\"dpsp-share-text\">Partager c&rsquo;est aimer!<\/p>\n<div class=\"wp-post-author-wrap wp-post-author-shortcode left\">\n<h3 class=\"awpa-title\"\/>\n<div class=\"wp-post-author\">\n<div class=\"awpa-img awpa-author-block square\"><a href=\"http:\/\/lexpertjournal.net\/fr\/author\/expert\/\"><img loading=\"lazy\" decoding=\"async\" alt=\"\" src=\"http:\/\/2.gravatar.com\/avatar\/56d99be2a6f97af88ccb49fada637fcd?s=150&#038;d=mm&#038;r=g\" srcset=\"http:\/\/2.gravatar.com\/avatar\/56d99be2a6f97af88ccb49fada637fcd?s=300&#038;d=mm&#038;r=g 2x\" class=\"avatar avatar-150 photo\" height=\"150\" width=\"150\"\/><\/a><\/div>\n<\/div>\n<\/div>\n<p>Auteur: L&rsquo;expert<br \/>\n<a href=\"http:\/\/lexpertjournal.net\/fr\/2019\/05\/24\/la-journee-de-lafrique-afrika-vuka-notre-avenir-est-en-jeu-nous-exigeons-une-afrique-sans-energies-fossiles\/\">Cliquez ici pour lire l&rsquo;article depuis sa source.<\/a><\/p>\n","protected":false},"excerpt":{"rendered":"<p>La Journ\u00e9e de l\u2019Afrique est le symbole de l\u2019aspiration \u00e0 l\u2019autod\u00e9termination contre l\u2019exploitation des ressources naturelles JOHANNESBURG, Afrique du Sud, 24 mai 2019\/ \u2014 Afrique \u2013 En ce jour m\u00e9morable pour les Africains, des milliers de personnes de toutes origines se sont unies et rassembl\u00e9es dans plus de 20 pays du continent pour t\u00e9moigner de [&hellip;]<\/p>\n","protected":false},"author":1775,"featured_media":0,"comment_status":"closed","ping_status":"closed","sticky":false,"template":"","format":"standard","meta":{"fifu_image_url":"","fifu_image_alt":"","footnotes":""},"categories":[78,55],"tags":[],"class_list":["post-36306","post","type-post","status-publish","format-standard","hentry","category-economie","category-tunisie"],"_links":{"self":[{"href":"https:\/\/linitiative.ca\/International\/wp-json\/wp\/v2\/posts\/36306","targetHints":{"allow":["GET"]}}],"collection":[{"href":"https:\/\/linitiative.ca\/International\/wp-json\/wp\/v2\/posts"}],"about":[{"href":"https:\/\/linitiative.ca\/International\/wp-json\/wp\/v2\/types\/post"}],"author":[{"embeddable":true,"href":"https:\/\/linitiative.ca\/International\/wp-json\/wp\/v2\/users\/1775"}],"replies":[{"embeddable":true,"href":"https:\/\/linitiative.ca\/International\/wp-json\/wp\/v2\/comments?post=36306"}],"version-history":[{"count":0,"href":"https:\/\/linitiative.ca\/International\/wp-json\/wp\/v2\/posts\/36306\/revisions"}],"wp:attachment":[{"href":"https:\/\/linitiative.ca\/International\/wp-json\/wp\/v2\/media?parent=36306"}],"wp:term":[{"taxonomy":"category","embeddable":true,"href":"https:\/\/linitiative.ca\/International\/wp-json\/wp\/v2\/categories?post=36306"},{"taxonomy":"post_tag","embeddable":true,"href":"https:\/\/linitiative.ca\/International\/wp-json\/wp\/v2\/tags?post=36306"}],"curies":[{"name":"wp","href":"https:\/\/api.w.org\/{rel}","templated":true}]}}