{"id":36307,"date":"2019-05-24T13:04:14","date_gmt":"2019-05-24T17:04:14","guid":{"rendered":"https:\/\/linitiative.ca\/International\/tipasa-premieres-projections-de-films-documentaires-au-cine-planete\/"},"modified":"2019-05-24T13:04:14","modified_gmt":"2019-05-24T17:04:14","slug":"tipasa-premieres-projections-de-films-documentaires-au-cine-planete","status":"publish","type":"post","link":"https:\/\/linitiative.ca\/International\/tipasa-premieres-projections-de-films-documentaires-au-cine-planete\/","title":{"rendered":"Tipasa : premi\u00e8res projections de films documentaires au Cin\u00e9-plan\u00e8te"},"content":{"rendered":"<div>\n<div class=\"K2FeedImage\"><img decoding=\"async\" src=\"http:\/\/www.aps.dz\/media\/k2\/items\/cache\/8e830b6262bc4d3547de95882a0eaa7f_S.jpg\" alt=\"Tipasa : premi\u00e8res projections de films documentaires au Cin\u00e9-plan\u00e8te\"><\/div>\n<div class=\"K2FeedIntroText\">\n<p><strong>TIPASA &#8211; L&rsquo;Office national de la culture et de l&rsquo;information \u00ab\u00a0Abdelouahab Salim\u00a0\u00bb de Tipaza a lanc\u00e9, dans la soir\u00e9e de mercredi, les premi\u00e8res projections de films documentaires sur l&rsquo;astronomie, au niveau du plan\u00e9tarium du Cin\u00e9-plan\u00e8te, en partenariat avec le Centre de recherche en astronomie, astrophysique et g\u00e9ophysique (CRAAG).<\/strong><\/p>\n<\/div>\n<div class=\"K2FeedFullText\">\n<p>Ces films panoramiques 360 degr\u00e9s (documentaires et scientifiques), destin\u00e9s \u00e0 toutes les cat\u00e9gories d&rsquo;\u00e2ges, notamment les enfants, sont les premiers du genre inscrits au titre du programme d&rsquo;ouverture-sp\u00e9cial Ramadhan de l&rsquo;Office national de la culture et de l&rsquo;information de Tipasa.<\/p>\n<p>La premi\u00e8re projection de ces films documentaires mondiaux (au nombre de 18), d&rsquo;une trentaine de minutes chacun, acquis derni\u00e8rement par l&rsquo;Office, a \u00e9t\u00e9 destin\u00e9e aux masses medias nationaux et aux associations juv\u00e9niles.<\/p>\n<p>L&rsquo;initiative vise la \u00ab\u00a0promotion du r\u00f4le p\u00e9dagogique et scientifique de notre \u00e9tablissement\u00a0\u00bb, a indiqu\u00e9 son directeur g\u00e9n\u00e9ral, Mourad Ouadahi, dans un point de presse anim\u00e9 en marge du spectacle.<\/p>\n<hr>\n<p><em><strong>Lire aussi:\u00a0<\/strong><\/em><a href=\"http:\/\/www.aps.dz\/culture\/89772-dar-el-gharnatia-a-l-affiche-du-1er-festival-de-la-musique-andalouse-de-casablanca\">\u00ab\u00a0Dar El Gharnatia\u00a0\u00bb \u00e0 l&rsquo;affiche du 1er Festival de la musique andalouse de Casablanca<\/a><\/p>\n<hr>\n<p>Pour la r\u00e9ussite de cette initiative, qui constitue un r\u00e9el voyage dans le temps et l&rsquo;espace \u00e0 travers une immersion dans le monde des \u00e9toiles et l&rsquo;astraunomie selon des techniques de r\u00e9alisation , \u00e0 l&rsquo;instar du film \u00ab\u00a0l&rsquo;Etoile polaire\u00a0\u00bb, disponible dans les deux langes fran\u00e7aise et arabe, ou encore le film \u00ab\u00a0Plan\u00e8te\u00a0\u00bb et \u00ab\u00a0Nous les \u00e9toiles\u00a0\u00bb, l&rsquo;Office a sign\u00e9 une convention de partenariat avec le CRAAG, afin de b\u00e9n\u00e9ficier de l&rsquo;accompagnement des chercheurs du Centre lors des projections et d&rsquo;apporter des explications et renseignements sur les diff\u00e9rents ph\u00e9nom\u00e8nes cosmiques et astraux.<\/p>\n<p>M. Ouadahi a, par la m\u00eame, signal\u00e9 la programmation d&rsquo;un cin\u00e9-plan\u00e8te mobile, au profit des \u00e9tablissements \u00e9ducatifs et complexes touristiques.<\/p>\n<p>\u00ab\u00a0Il est \u00e9galement question de tenter l&rsquo;exp\u00e9rience de la r\u00e9alisation de films scientifiques, en collaboration avec le CRAAG\u00a0\u00bb, a-t-il indiqu\u00e9 \u00e0 l&rsquo;APS.<\/p>\n<p>L&rsquo;ouverture de ce programme a englob\u00e9 la projection du film \u00ab\u00a0l&rsquo;Etoile polaire\u00a0\u00bb, un documentaire de 29 mn, r\u00e9alis\u00e9 en 2015 par \u00ab\u00a0Plan\u00e9tarium Saint Etienne -production\u00a0\u00bb.<\/p>\n<p>Selon les organisateurs, le programme du centre \u00ab\u00a0Abdelouahab Salim\u00a0\u00bb de Tipaza se poursuivra tout au long du mois de Ramadhan, avec des prix d&rsquo;entr\u00e9e fix\u00e9s \u00e0 50 da pour les enfants et 200 da pour les adultes. Le cin\u00e9-plan\u00e8te sera transf\u00e9r\u00e9, par la suite, vers le complexe de la corne d&rsquo;or et Matar\u00e9s.<\/p>\n<\/div>\n<\/div>\n<p>Auteur:<br \/>\n<a href=\"http:\/\/www.aps.dz\/culture\/89817-tipasa-premieres-projections-de-films-documentaires-au-cine-planete\">Cliquez ici pour lire l&rsquo;article depuis sa source.<\/a><\/p>\n","protected":false},"excerpt":{"rendered":"<p>TIPASA &#8211; L&rsquo;Office national de la culture et de l&rsquo;information \u00ab\u00a0Abdelouahab Salim\u00a0\u00bb de Tipaza a lanc\u00e9, dans la soir\u00e9e de mercredi, les premi\u00e8res projections de films documentaires sur l&rsquo;astronomie, au niveau du plan\u00e9tarium du Cin\u00e9-plan\u00e8te, en partenariat avec le Centre de recherche en astronomie, astrophysique et g\u00e9ophysique (CRAAG). Ces films panoramiques 360 degr\u00e9s (documentaires et [&hellip;]<\/p>\n","protected":false},"author":1790,"featured_media":36308,"comment_status":"closed","ping_status":"closed","sticky":false,"template":"","format":"standard","meta":{"fifu_image_url":"","fifu_image_alt":"","footnotes":""},"categories":[53,79],"tags":[],"class_list":["post-36307","post","type-post","status-publish","format-standard","has-post-thumbnail","hentry","category-algerie","category-culture"],"_links":{"self":[{"href":"https:\/\/linitiative.ca\/International\/wp-json\/wp\/v2\/posts\/36307","targetHints":{"allow":["GET"]}}],"collection":[{"href":"https:\/\/linitiative.ca\/International\/wp-json\/wp\/v2\/posts"}],"about":[{"href":"https:\/\/linitiative.ca\/International\/wp-json\/wp\/v2\/types\/post"}],"author":[{"embeddable":true,"href":"https:\/\/linitiative.ca\/International\/wp-json\/wp\/v2\/users\/1790"}],"replies":[{"embeddable":true,"href":"https:\/\/linitiative.ca\/International\/wp-json\/wp\/v2\/comments?post=36307"}],"version-history":[{"count":0,"href":"https:\/\/linitiative.ca\/International\/wp-json\/wp\/v2\/posts\/36307\/revisions"}],"wp:featuredmedia":[{"embeddable":true,"href":"https:\/\/linitiative.ca\/International\/wp-json\/"}],"wp:attachment":[{"href":"https:\/\/linitiative.ca\/International\/wp-json\/wp\/v2\/media?parent=36307"}],"wp:term":[{"taxonomy":"category","embeddable":true,"href":"https:\/\/linitiative.ca\/International\/wp-json\/wp\/v2\/categories?post=36307"},{"taxonomy":"post_tag","embeddable":true,"href":"https:\/\/linitiative.ca\/International\/wp-json\/wp\/v2\/tags?post=36307"}],"curies":[{"name":"wp","href":"https:\/\/api.w.org\/{rel}","templated":true}]}}