{"id":36309,"date":"2019-05-24T13:04:17","date_gmt":"2019-05-24T17:04:17","guid":{"rendered":"https:\/\/linitiative.ca\/International\/20e-festival-europeen-le-public-algerois-renoue-avec-le-fado\/"},"modified":"2019-05-24T13:04:17","modified_gmt":"2019-05-24T17:04:17","slug":"20e-festival-europeen-le-public-algerois-renoue-avec-le-fado","status":"publish","type":"post","link":"https:\/\/linitiative.ca\/International\/20e-festival-europeen-le-public-algerois-renoue-avec-le-fado\/","title":{"rendered":"20e Festival europ\u00e9en : le public alg\u00e9rois renoue avec le Fado"},"content":{"rendered":"<div>\n<div class=\"K2FeedImage\"><img decoding=\"async\" src=\"http:\/\/www.aps.dz\/media\/k2\/items\/cache\/5ebe70a8d3aeb95fcfaa0b7cd96bc059_S.jpg\" alt=\"20e Festival europ\u00e9en : le public alg\u00e9rois renoue avec le Fado\"><\/div>\n<div class=\"K2FeedIntroText\">\n<p><strong>ALGER &#8211; Un concert de musique Fado, oscillant entre musique traditionnelle et compositions contemporaines, a \u00e9t\u00e9 anim\u00e9 jeudi soir \u00e0 Alger par la chanteuse portugaise Claudia Leal, devant un public tr\u00e8s nombreux.<\/strong><\/p>\n<\/div>\n<div class=\"K2FeedFullText\">\n<p>Ce concert organis\u00e9 \u00e0 la salle Ibn-Zaydoun de l&rsquo;Office Ryadh El Feth, repr\u00e9sente le Portugal au 20e Festival culturel europ\u00e9en qui se tient \u00e0 Alger depuis le 10 mai.<\/p>\n<p>Contrairement \u00e0 la majorit\u00e9 des autres soir\u00e9es de ce festival, le public a r\u00e9pondu pr\u00e9sent en grand nombre comme \u00e0 chaque concert de fado, genre musical mis en avant par les organisateurs depuis de nombreuses ann\u00e9es.<\/p>\n<p>Par sa voix m\u00e9lancolique, puissante et souvent apaisante, Claudia Leal a r\u00e9ussi \u00e0 enivrer l`assistance par des textes de Fado classique, nostalgique et langoureux, explorant l`amour inaccompli, la solitude, le chagrin, l&rsquo;exil, ou encore les rues de Lisbonne, la capitale portugaise qui a vu na\u00eetre cette musique populaire inscrite par l`Unesco au patrimoine culturel immat\u00e9riel de l`humanit\u00e9 en 2011.<\/p>\n<p>Claudia Leal, interpr\u00e8te, auteure et compositrice, a pr\u00e9sent\u00e9 au public des titres de ses albums \u00ab\u00a0Fado vida\u00a0\u00bb (La vie Fado) et \u00ab\u00a0Quarto crescente\u00a0\u00bb (croissant de lune) accompagn\u00e9e d&rsquo;une guitare classique et d&rsquo;une guitare portugaise (instrument \u00e0 cordes pinc\u00e9es proche de la mandoline).<\/p>\n<hr>\n<p><em><strong>Lire aussi:\u00a0<\/strong><\/em><a href=\"http:\/\/www.aps.dz\/culture\/89796-baaziz-galvanise-le-public-algerois\">Ba\u00e2ziz galvanise le public alg\u00e9rois<\/a><\/p>\n<hr>\n<p>Fait rare dans la lign\u00e9e du traditionnelle du fado, la chanteuse est \u00e9galement l&rsquo;une des rares interpr\u00e8tes \u00e0 jouer \u00e9galement de la guitare classique sur sc\u00e8ne.<\/p>\n<p>Alternant douceur et esprit festif, dans un jeu nuanc\u00e9, entre lenteur et rythmes soutenus, la \u00ab\u00a0fadiste\u00a0\u00bb a propos\u00e9 du Fado classique et des morceaux de sa propre cr\u00e9ation tr\u00e8s appr\u00e9ci\u00e9s par le public.<\/p>\n<p>Inaugur\u00e9 le 10 mai, le 20e Festival culturel europ\u00e9en se poursuit jusqu\u2019au 27 mai \u00e0 la salle Ibn-Zeydoun de l\u2019Office Riadh El Feth \u00e0 Alger avec encore trois concerts de musique et un spectacle de danse au programme.<\/p>\n<p>Seize pays europ\u00e9ens dont la Bulgarie, la Croatie, l&rsquo;Italie, La Roumanie et l\u2019Espagne, animent le 20e Festival Culturel europ\u00e9en en Alg\u00e9rie.<\/p>\n<\/div>\n<\/div>\n<p>Auteur:<br \/>\n<a href=\"http:\/\/www.aps.dz\/culture\/89828-20e-festival-europeen-le-public-algerois-renoue-avec-le-fado\">Cliquez ici pour lire l&rsquo;article depuis sa source.<\/a><\/p>\n","protected":false},"excerpt":{"rendered":"<p>ALGER &#8211; Un concert de musique Fado, oscillant entre musique traditionnelle et compositions contemporaines, a \u00e9t\u00e9 anim\u00e9 jeudi soir \u00e0 Alger par la chanteuse portugaise Claudia Leal, devant un public tr\u00e8s nombreux. Ce concert organis\u00e9 \u00e0 la salle Ibn-Zaydoun de l&rsquo;Office Ryadh El Feth, repr\u00e9sente le Portugal au 20e Festival culturel europ\u00e9en qui se tient [&hellip;]<\/p>\n","protected":false},"author":1790,"featured_media":36310,"comment_status":"closed","ping_status":"closed","sticky":false,"template":"","format":"standard","meta":{"fifu_image_url":"","fifu_image_alt":"","footnotes":""},"categories":[53,79],"tags":[],"class_list":["post-36309","post","type-post","status-publish","format-standard","has-post-thumbnail","hentry","category-algerie","category-culture"],"_links":{"self":[{"href":"https:\/\/linitiative.ca\/International\/wp-json\/wp\/v2\/posts\/36309","targetHints":{"allow":["GET"]}}],"collection":[{"href":"https:\/\/linitiative.ca\/International\/wp-json\/wp\/v2\/posts"}],"about":[{"href":"https:\/\/linitiative.ca\/International\/wp-json\/wp\/v2\/types\/post"}],"author":[{"embeddable":true,"href":"https:\/\/linitiative.ca\/International\/wp-json\/wp\/v2\/users\/1790"}],"replies":[{"embeddable":true,"href":"https:\/\/linitiative.ca\/International\/wp-json\/wp\/v2\/comments?post=36309"}],"version-history":[{"count":0,"href":"https:\/\/linitiative.ca\/International\/wp-json\/wp\/v2\/posts\/36309\/revisions"}],"wp:featuredmedia":[{"embeddable":true,"href":"https:\/\/linitiative.ca\/International\/wp-json\/"}],"wp:attachment":[{"href":"https:\/\/linitiative.ca\/International\/wp-json\/wp\/v2\/media?parent=36309"}],"wp:term":[{"taxonomy":"category","embeddable":true,"href":"https:\/\/linitiative.ca\/International\/wp-json\/wp\/v2\/categories?post=36309"},{"taxonomy":"post_tag","embeddable":true,"href":"https:\/\/linitiative.ca\/International\/wp-json\/wp\/v2\/tags?post=36309"}],"curies":[{"name":"wp","href":"https:\/\/api.w.org\/{rel}","templated":true}]}}