{"id":36326,"date":"2019-05-24T10:39:00","date_gmt":"2019-05-24T14:39:00","guid":{"rendered":"https:\/\/linitiative.ca\/International\/des-milliers-de-manifestants-se-dirigent-vers-la-place-des-martyrs\/"},"modified":"2019-05-24T10:39:00","modified_gmt":"2019-05-24T14:39:00","slug":"des-milliers-de-manifestants-se-dirigent-vers-la-place-des-martyrs","status":"publish","type":"post","link":"https:\/\/linitiative.ca\/International\/des-milliers-de-manifestants-se-dirigent-vers-la-place-des-martyrs\/","title":{"rendered":"Des milliers de manifestants se dirigent vers la Place des martyrs"},"content":{"rendered":"<div id=\"originalText\" readability=\"42\">\n<p>Des milliers de manifestants ont quitt\u00e9 la Grande Poste d\u2019Alger et ses alentours, o\u00f9 un dispositif policier monstre a \u00e9t\u00e9 d\u00e9ploy\u00e9, pour se diriger vers la Place des martyrs.\u00a0<\/p>\n<p><iframe loading=\"lazy\" allowfullscreen=\"true\" allowtransparency=\"true\" frameborder=\"0\" height=\"322\" scrolling=\"no\" src=\"https:\/\/www.facebook.com\/plugins\/video.php?href=https%3A%2F%2Fwww.facebook.com%2FJournaLiberteOfficiel%2Fvideos%2F573759103150132%2F&#038;show_text=0&#038;width=560\" class=\"c10\" width=\"560\">[embedded content]<\/iframe>Les manifestants ce sont scind\u00e9s en deux groupes, le premier a emprunt\u00e9 le boulevard Asselah Hocine, et le second le boulevard Zighoud Youssef.<\/p>\n<p>La Place des martyrs est noire de monde.<\/p>\n<p><img decoding=\"async\" alt=\"\" src=\"\/data\/upload\/60800508_2184850291635664_7300133574886293504_n.jpg\" class=\"c11\"\/><\/p>\n<p class=\"c12\"><strong>R\u00e9daction Web \u00a0<\/strong><\/p>\n<\/div>\n<div id=\"text_core\" readability=\"42\">\n<p>Des milliers de manifestants ont quitt\u00e9 la Grande Poste d\u2019Alger et ses alentours, o\u00f9 un dispositif policier monstre a \u00e9t\u00e9 d\u00e9ploy\u00e9, pour se diriger vers la Place des martyrs.\u00a0<\/p>\n<p><iframe loading=\"lazy\" allowfullscreen=\"true\" allowtransparency=\"true\" frameborder=\"0\" height=\"322\" scrolling=\"no\" src=\"https:\/\/www.facebook.com\/plugins\/video.php?href=https%3A%2F%2Fwww.facebook.com%2FJournaLiberteOfficiel%2Fvideos%2F573759103150132%2F&#038;show_text=0&#038;width=560\" class=\"c10\" width=\"560\">[embedded content]<\/iframe>Les manifestants ce sont scind\u00e9s en deux groupes, le premier a emprunt\u00e9 le boulevard Asselah Hocine, et le second le boulevard Zighoud Youssef.<\/p>\n<p>La Place des martyrs est noire de monde.<\/p>\n<p><img decoding=\"async\" alt=\"\" src=\"\/data\/upload\/60800508_2184850291635664_7300133574886293504_n.jpg\" class=\"c11\"\/><\/p>\n<p class=\"c12\"><strong>R\u00e9daction Web \u00a0<\/strong><\/p>\n<\/div>\n<p>Auteur:<br \/>\n<a href=\"https:\/\/www.liberte-algerie.com\/actualite\/des-milliers-de-manifestants-se-dirigent-vers-la-place-des-martyrs-316505\">Cliquez ici pour lire l&rsquo;article depuis sa source.<\/a><\/p>\n","protected":false},"excerpt":{"rendered":"<p>Des milliers de manifestants ont quitt\u00e9 la Grande Poste d\u2019Alger et ses alentours, o\u00f9 un dispositif policier monstre a \u00e9t\u00e9 d\u00e9ploy\u00e9, pour se diriger vers la Place des martyrs.\u00a0 [embedded content]Les manifestants ce sont scind\u00e9s en deux groupes, le premier a emprunt\u00e9 le boulevard Asselah Hocine, et le second le boulevard Zighoud Youssef. La Place [&hellip;]<\/p>\n","protected":false},"author":1742,"featured_media":36327,"comment_status":"closed","ping_status":"closed","sticky":false,"template":"","format":"standard","meta":{"fifu_image_url":"","fifu_image_alt":"","footnotes":""},"categories":[73,53],"tags":[],"class_list":["post-36326","post","type-post","status-publish","format-standard","has-post-thumbnail","hentry","category-actualite","category-algerie"],"_links":{"self":[{"href":"https:\/\/linitiative.ca\/International\/wp-json\/wp\/v2\/posts\/36326","targetHints":{"allow":["GET"]}}],"collection":[{"href":"https:\/\/linitiative.ca\/International\/wp-json\/wp\/v2\/posts"}],"about":[{"href":"https:\/\/linitiative.ca\/International\/wp-json\/wp\/v2\/types\/post"}],"author":[{"embeddable":true,"href":"https:\/\/linitiative.ca\/International\/wp-json\/wp\/v2\/users\/1742"}],"replies":[{"embeddable":true,"href":"https:\/\/linitiative.ca\/International\/wp-json\/wp\/v2\/comments?post=36326"}],"version-history":[{"count":0,"href":"https:\/\/linitiative.ca\/International\/wp-json\/wp\/v2\/posts\/36326\/revisions"}],"wp:featuredmedia":[{"embeddable":true,"href":"https:\/\/linitiative.ca\/International\/wp-json\/"}],"wp:attachment":[{"href":"https:\/\/linitiative.ca\/International\/wp-json\/wp\/v2\/media?parent=36326"}],"wp:term":[{"taxonomy":"category","embeddable":true,"href":"https:\/\/linitiative.ca\/International\/wp-json\/wp\/v2\/categories?post=36326"},{"taxonomy":"post_tag","embeddable":true,"href":"https:\/\/linitiative.ca\/International\/wp-json\/wp\/v2\/tags?post=36326"}],"curies":[{"name":"wp","href":"https:\/\/api.w.org\/{rel}","templated":true}]}}