{"id":36331,"date":"2019-05-23T22:33:52","date_gmt":"2019-05-24T02:33:52","guid":{"rendered":"https:\/\/linitiative.ca\/International\/arrestation-dun-jeune-homme-en-possession-dune-quantite-de-chira\/"},"modified":"2019-05-23T22:33:52","modified_gmt":"2019-05-24T02:33:52","slug":"arrestation-dun-jeune-homme-en-possession-dune-quantite-de-chira","status":"publish","type":"post","link":"https:\/\/linitiative.ca\/International\/arrestation-dun-jeune-homme-en-possession-dune-quantite-de-chira\/","title":{"rendered":"Arrestation d\u2019un jeune homme en possession d\u2019une quantit\u00e9 de chira"},"content":{"rendered":"<div class=\"single-featured\"><img alt=\"\" data-src=\"http:\/\/www.mapmarrakech.ma\/map\/uploads\/2019\/05\/arrestationpolicerak-copier-1.jpg\"\/><\/div>\n<div class=\"single-post-excerpt post-excerpt-bc\" readability=\"35\">\n<p>Marrakech \u2013 Les \u00e9l\u00e9ments de la brigade touristique op\u00e9rant au niveau de la gare ferroviaire de Marrakech ont interpell\u00e9, mercredi, un jeune homme en possession d\u2019une quantit\u00e9 de chira.<\/p>\n<\/div>\n<div class=\"entry-content clearfix single-post-content\" readability=\"54\">\n<p>Arriv\u00e9 \u00e0 bord d\u2019un train, le mis en cause, qui a \u00e9veill\u00e9 les soup\u00e7ons des \u00e9l\u00e9ments de la brigade, se dirigeait aux c\u00f4t\u00e9s d\u2019autres voyageurs vers la station d\u2019autocars, avant qu\u2019il ne soit appr\u00e9hend\u00e9 en raison de son comportement suspect, selon une source s\u00e9curitaire.<\/p>\n<p>Le pr\u00e9venu a tent\u00e9 de fuir mais sa tentative a \u00e9chou\u00e9 gr\u00e2ce \u00e0 la vigilance des agents de la police, a ajout\u00e9 la m\u00eame source, expliquant que le mis en cause a \u00e9t\u00e9 soumis \u00e0 une perquisition l\u00e9gale qui a abouti \u00e0 la saisie de 10 plaques de chira, soigneusement dissimul\u00e9es dans une valise.<\/p>\n<p>Il a ainsi reconnu qu\u2019il avait achet\u00e9 cette quantit\u00e9 de drogue dans une ville du nord du Royaume et envisageait de l\u2019\u00e9couler dans une autre ville du sud du pays, a-t-on soulign\u00e9.<\/p>\n<p>Le mis en cause a \u00e9t\u00e9 plac\u00e9 en garde \u00e0 vue pour les besoins de l\u2019enqu\u00eate en perspective de l\u2019identification d\u2019\u00e9ventuels complices dans cette affaire.<\/p>\n<\/div>\n<p>Auteur: Meriem IGASS<br \/>\n<a href=\"http:\/\/www.mapmarrakech.ma\/fr\/arrestation-dun-jeune-homme-en-possession-dune-quantite-de-chira\/\">Cliquez ici pour lire l&rsquo;article depuis sa source.<\/a><\/p>\n","protected":false},"excerpt":{"rendered":"<p>Marrakech \u2013 Les \u00e9l\u00e9ments de la brigade touristique op\u00e9rant au niveau de la gare ferroviaire de Marrakech ont interpell\u00e9, mercredi, un jeune homme en possession d\u2019une quantit\u00e9 de chira. Arriv\u00e9 \u00e0 bord d\u2019un train, le mis en cause, qui a \u00e9veill\u00e9 les soup\u00e7ons des \u00e9l\u00e9ments de la brigade, se dirigeait aux c\u00f4t\u00e9s d\u2019autres voyageurs vers [&hellip;]<\/p>\n","protected":false},"author":1788,"featured_media":36332,"comment_status":"closed","ping_status":"closed","sticky":false,"template":"","format":"standard","meta":{"fifu_image_url":"","fifu_image_alt":"","footnotes":""},"categories":[54,76],"tags":[],"class_list":["post-36331","post","type-post","status-publish","format-standard","has-post-thumbnail","hentry","category-maroc","category-regions"],"_links":{"self":[{"href":"https:\/\/linitiative.ca\/International\/wp-json\/wp\/v2\/posts\/36331","targetHints":{"allow":["GET"]}}],"collection":[{"href":"https:\/\/linitiative.ca\/International\/wp-json\/wp\/v2\/posts"}],"about":[{"href":"https:\/\/linitiative.ca\/International\/wp-json\/wp\/v2\/types\/post"}],"author":[{"embeddable":true,"href":"https:\/\/linitiative.ca\/International\/wp-json\/wp\/v2\/users\/1788"}],"replies":[{"embeddable":true,"href":"https:\/\/linitiative.ca\/International\/wp-json\/wp\/v2\/comments?post=36331"}],"version-history":[{"count":0,"href":"https:\/\/linitiative.ca\/International\/wp-json\/wp\/v2\/posts\/36331\/revisions"}],"wp:featuredmedia":[{"embeddable":true,"href":"https:\/\/linitiative.ca\/International\/wp-json\/"}],"wp:attachment":[{"href":"https:\/\/linitiative.ca\/International\/wp-json\/wp\/v2\/media?parent=36331"}],"wp:term":[{"taxonomy":"category","embeddable":true,"href":"https:\/\/linitiative.ca\/International\/wp-json\/wp\/v2\/categories?post=36331"},{"taxonomy":"post_tag","embeddable":true,"href":"https:\/\/linitiative.ca\/International\/wp-json\/wp\/v2\/tags?post=36331"}],"curies":[{"name":"wp","href":"https:\/\/api.w.org\/{rel}","templated":true}]}}