{"id":36333,"date":"2019-05-23T23:56:39","date_gmt":"2019-05-24T03:56:39","guid":{"rendered":"https:\/\/linitiative.ca\/International\/arrestation-de-deux-personnes-pour-vol-dequipements-menagers-et-de-bijoux-precieux\/"},"modified":"2019-05-23T23:56:39","modified_gmt":"2019-05-24T03:56:39","slug":"arrestation-de-deux-personnes-pour-vol-dequipements-menagers-et-de-bijoux-precieux","status":"publish","type":"post","link":"https:\/\/linitiative.ca\/International\/arrestation-de-deux-personnes-pour-vol-dequipements-menagers-et-de-bijoux-precieux\/","title":{"rendered":"Arrestation de deux personnes pour vol d\u2019\u00e9quipements m\u00e9nagers et de bijoux pr\u00e9cieux"},"content":{"rendered":"<div class=\"single-featured\"><img alt=\"\" data-src=\"http:\/\/www.mapmarrakech.ma\/map\/uploads\/2019\/05\/Police-1.jpg\"\/><\/div>\n<div class=\"single-post-excerpt post-excerpt-bc\" readability=\"41\">\n<p>Marrakech \u2013 Le service de la police judiciaire de Marrakech a ouvert, sous la supervision du parquet comp\u00e9tent, une enqu\u00eate sur une affaire de vol qualifi\u00e9 apr\u00e8s avoir re\u00e7u une plainte, \u00e0 cet effet, concernant le vol d\u2019\u00e9quipements m\u00e9nagers, de bijoux pr\u00e9cieux et d\u2019une somme d\u2019argent, a fait savoir une source s\u00e9curitaire.<\/p>\n<\/div>\n<div class=\"entry-content clearfix single-post-content\" readability=\"46\">\n<p>Les expertises techniques et scientifiques men\u00e9es dans le cadre de cette affaire ont permis d\u2019identifier les deux principaux mis en cause, a indiqu\u00e9 la m\u00eame source, ajoutant qu\u2019il s\u2019est av\u00e9r\u00e9 que les deux suspects faisaient l\u2019objet d\u2019avis de recherche au niveau national: l\u2019un pour abus de confiance et l\u2019autre pour purger une peine d\u2019emprisonnement et \u00e9mission de ch\u00e8que sans provision.<\/p>\n<p>Les deux suspects ont \u00e9t\u00e9 arr\u00eat\u00e9s au quartier Massira gr\u00e2ce aux recherches intenses men\u00e9es dans les lieux qu\u2019ils fr\u00e9quentaient, a-t-on relev\u00e9 de m\u00eame source.<\/p>\n<p>Ils ont \u00e9t\u00e9 plac\u00e9s en garde \u00e0 vue pour les besoins de l\u2019enqu\u00eate avant leur traduction devant la justice apr\u00e8s avoir reconnu les faits qui leurs sont reproch\u00e9s, alors que l\u2019enqu\u00eate se poursuit pour identifier d\u2019\u00e9ventuels complices impliqu\u00e9s dans cette affaire.<\/p>\n<\/div>\n<p>Auteur: Meriem IGASS<br \/>\n<a href=\"http:\/\/www.mapmarrakech.ma\/fr\/arrestation-de-deux-personnes-pour-vol-dequipements-menagers-et-de-bijoux-precieux\/\">Cliquez ici pour lire l&rsquo;article depuis sa source.<\/a><\/p>\n","protected":false},"excerpt":{"rendered":"<p>Marrakech \u2013 Le service de la police judiciaire de Marrakech a ouvert, sous la supervision du parquet comp\u00e9tent, une enqu\u00eate sur une affaire de vol qualifi\u00e9 apr\u00e8s avoir re\u00e7u une plainte, \u00e0 cet effet, concernant le vol d\u2019\u00e9quipements m\u00e9nagers, de bijoux pr\u00e9cieux et d\u2019une somme d\u2019argent, a fait savoir une source s\u00e9curitaire. Les expertises techniques [&hellip;]<\/p>\n","protected":false},"author":1788,"featured_media":36334,"comment_status":"closed","ping_status":"closed","sticky":false,"template":"","format":"standard","meta":{"fifu_image_url":"","fifu_image_alt":"","footnotes":""},"categories":[54,76],"tags":[],"class_list":["post-36333","post","type-post","status-publish","format-standard","has-post-thumbnail","hentry","category-maroc","category-regions"],"_links":{"self":[{"href":"https:\/\/linitiative.ca\/International\/wp-json\/wp\/v2\/posts\/36333","targetHints":{"allow":["GET"]}}],"collection":[{"href":"https:\/\/linitiative.ca\/International\/wp-json\/wp\/v2\/posts"}],"about":[{"href":"https:\/\/linitiative.ca\/International\/wp-json\/wp\/v2\/types\/post"}],"author":[{"embeddable":true,"href":"https:\/\/linitiative.ca\/International\/wp-json\/wp\/v2\/users\/1788"}],"replies":[{"embeddable":true,"href":"https:\/\/linitiative.ca\/International\/wp-json\/wp\/v2\/comments?post=36333"}],"version-history":[{"count":0,"href":"https:\/\/linitiative.ca\/International\/wp-json\/wp\/v2\/posts\/36333\/revisions"}],"wp:featuredmedia":[{"embeddable":true,"href":"https:\/\/linitiative.ca\/International\/wp-json\/"}],"wp:attachment":[{"href":"https:\/\/linitiative.ca\/International\/wp-json\/wp\/v2\/media?parent=36333"}],"wp:term":[{"taxonomy":"category","embeddable":true,"href":"https:\/\/linitiative.ca\/International\/wp-json\/wp\/v2\/categories?post=36333"},{"taxonomy":"post_tag","embeddable":true,"href":"https:\/\/linitiative.ca\/International\/wp-json\/wp\/v2\/tags?post=36333"}],"curies":[{"name":"wp","href":"https:\/\/api.w.org\/{rel}","templated":true}]}}