{"id":36335,"date":"2019-05-24T00:05:19","date_gmt":"2019-05-24T04:05:19","guid":{"rendered":"https:\/\/linitiative.ca\/International\/le-developpement-de-la-station-doukaimeden-au-centre-dune-reunion-a-marrakech\/"},"modified":"2019-05-24T00:05:19","modified_gmt":"2019-05-24T04:05:19","slug":"le-developpement-de-la-station-doukaimeden-au-centre-dune-reunion-a-marrakech","status":"publish","type":"post","link":"https:\/\/linitiative.ca\/International\/le-developpement-de-la-station-doukaimeden-au-centre-dune-reunion-a-marrakech\/","title":{"rendered":"Le d\u00e9veloppement de la station d\u2019Ouka\u00efmeden, au centre d\u2019une r\u00e9union \u00e0 Marrakech"},"content":{"rendered":"<div readability=\"37\">\n<p>Marrakech \u2013 Une r\u00e9union consacr\u00e9e \u00e0 l\u2019examen du projet de d\u00e9veloppement de la station d\u2019Ouka\u00efmeden (province d\u2019Al Haouz) en vue de l\u2019\u00e9riger en une destination touristique durable et de renforcer son attractivit\u00e9 aupr\u00e8s des touristes marocains et \u00e9trangers, a \u00e9t\u00e9 tenue, jeudi au si\u00e8ge de la wilaya de la r\u00e9gion de Marrakech-Safi.<\/p>\n<\/div>\n<div readability=\"92\">\n<p>Pr\u00e9sid\u00e9e par le ministre du Tourisme, du Transport a\u00e9rien, de l\u2019Artisanat et de l\u2019Economie sociale, Mohamed Sajid, cette r\u00e9union a \u00e9t\u00e9 l\u2019occasion pour exposer la strat\u00e9gie relative \u00e0 la promotion de la station d\u2019Ouka\u00efmeden, propos\u00e9e par un bureau d\u2019\u00e9tudes sp\u00e9cialis\u00e9 que la Soci\u00e9t\u00e9 marocaine d\u2019Ing\u00e9nierie touristique (SMIT) avait charg\u00e9, sous la supervision du minist\u00e8re, d\u2019\u00e9laborer un plan de d\u00e9veloppement de la station, \u00e0 m\u00eame de contribuer au renforcement de son positionnement, d\u2019ouvrir de nouvelles perspectives et de garantir une dynamique et une animation durables tout au long de l\u2019ann\u00e9e et non seulement des activit\u00e9s occasionnelles qui se limitent \u00e0 la p\u00e9riode des chutes de neiges qui ne d\u00e9passe pas quatre mois.<\/p>\n<p>Bas\u00e9e sur une approche int\u00e9gr\u00e9e, cette strat\u00e9gie a concern\u00e9 tous les axes, notamment la mise \u00e0 niveau de la zone, l\u2019am\u00e9lioration des routes et la qualit\u00e9 des prestations et activit\u00e9s qui seront offertes au niveau de la station, outre la mani\u00e8re d\u2019y programmer la r\u00e9alisation de projets \u00e0 l\u2019horizon 2030 en vue d\u2019attirer pr\u00e8s de 500.000 touristes chaque ann\u00e9e, indique un communiqu\u00e9 de la wilaya.<\/p>\n<p>L\u2019examen de ce projet, a pr\u00e9cis\u00e9 la m\u00eame source, a \u00e9galement touch\u00e9 tous les volets (\u00e9conomique, technique, touristique, culturel, sportif et \u00e9cologique) ainsi que les standards de s\u00e9curit\u00e9 et les accessibilit\u00e9s, tout en veillant \u00e0 la pr\u00e9servation du patrimoine mat\u00e9riel et immat\u00e9riel dont regorge la r\u00e9gion.<\/p>\n<p>Lors de cette r\u00e9union, les diff\u00e9rents intervenants ont mis l\u2019accent sur l\u2019importance dudit projet et ses retomb\u00e9es positives \u00e0 tous les niveaux, tout en soulignant la n\u00e9cessit\u00e9 de l\u2019implication de l\u2019ensemble des acteurs, dans le cadre d\u2019une approche participative, pour assurer la r\u00e9ussite de cet important chantier r\u00e9gional qui se veut un projet structurel susceptible de donner une forte impulsion \u00e0 l\u2019activit\u00e9 touristique sur les plans local, r\u00e9gional et national et de tirer vers le haut sa comp\u00e9titivit\u00e9 face aux autres destinations mondiales.<\/p>\n<p>Ont pris part \u00e0 cette r\u00e9union, le wali de la r\u00e9gion Marrakech-Safi, gouverneur de la pr\u00e9fecture de Marrakech, Karim-Kassi Lahlou, le pr\u00e9sident du conseil de la r\u00e9gion, Ahmed Akhchichine, le gouverneur de la province d\u2019Al Haouz, Rachid Benchikhi, le directeur g\u00e9n\u00e9ral de la SMIT, les pr\u00e9sidents du conseil provincial d\u2019Al Haouz et du conseil communal de l\u2019Ouka\u00efmeden, les repr\u00e9sentants des administrations et des services ext\u00e9rieurs concern\u00e9s, des \u00e9lus et des acteurs op\u00e9rant dans le secteur touristique.<\/p>\n<\/div>\n<p>Auteur: Meriem IGASS<br \/>\n<a href=\"http:\/\/www.mapmarrakech.ma\/fr\/le-developpement-de-la-station-doukaimeden-et-le-renforcement-de-son-attractivite-au-centre-dune-reunion-a-marrakech\/\">Cliquez ici pour lire l&rsquo;article depuis sa source.<\/a><\/p>\n","protected":false},"excerpt":{"rendered":"<p>Marrakech \u2013 Une r\u00e9union consacr\u00e9e \u00e0 l\u2019examen du projet de d\u00e9veloppement de la station d\u2019Ouka\u00efmeden (province d\u2019Al Haouz) en vue de l\u2019\u00e9riger en une destination touristique durable et de renforcer son attractivit\u00e9 aupr\u00e8s des touristes marocains et \u00e9trangers, a \u00e9t\u00e9 tenue, jeudi au si\u00e8ge de la wilaya de la r\u00e9gion de Marrakech-Safi. Pr\u00e9sid\u00e9e par le [&hellip;]<\/p>\n","protected":false},"author":1788,"featured_media":0,"comment_status":"closed","ping_status":"closed","sticky":false,"template":"","format":"standard","meta":{"fifu_image_url":"","fifu_image_alt":"","footnotes":""},"categories":[54,76],"tags":[],"class_list":["post-36335","post","type-post","status-publish","format-standard","hentry","category-maroc","category-regions"],"_links":{"self":[{"href":"https:\/\/linitiative.ca\/International\/wp-json\/wp\/v2\/posts\/36335","targetHints":{"allow":["GET"]}}],"collection":[{"href":"https:\/\/linitiative.ca\/International\/wp-json\/wp\/v2\/posts"}],"about":[{"href":"https:\/\/linitiative.ca\/International\/wp-json\/wp\/v2\/types\/post"}],"author":[{"embeddable":true,"href":"https:\/\/linitiative.ca\/International\/wp-json\/wp\/v2\/users\/1788"}],"replies":[{"embeddable":true,"href":"https:\/\/linitiative.ca\/International\/wp-json\/wp\/v2\/comments?post=36335"}],"version-history":[{"count":0,"href":"https:\/\/linitiative.ca\/International\/wp-json\/wp\/v2\/posts\/36335\/revisions"}],"wp:attachment":[{"href":"https:\/\/linitiative.ca\/International\/wp-json\/wp\/v2\/media?parent=36335"}],"wp:term":[{"taxonomy":"category","embeddable":true,"href":"https:\/\/linitiative.ca\/International\/wp-json\/wp\/v2\/categories?post=36335"},{"taxonomy":"post_tag","embeddable":true,"href":"https:\/\/linitiative.ca\/International\/wp-json\/wp\/v2\/tags?post=36335"}],"curies":[{"name":"wp","href":"https:\/\/api.w.org\/{rel}","templated":true}]}}