{"id":36345,"date":"2019-05-24T05:20:00","date_gmt":"2019-05-24T09:20:00","guid":{"rendered":"https:\/\/linitiative.ca\/International\/etudes-dimpact-le-projet-de-loi-en-commission\/"},"modified":"2019-05-24T05:20:00","modified_gmt":"2019-05-24T09:20:00","slug":"etudes-dimpact-le-projet-de-loi-en-commission","status":"publish","type":"post","link":"https:\/\/linitiative.ca\/International\/etudes-dimpact-le-projet-de-loi-en-commission\/","title":{"rendered":"Etudes d\u2019impact: Le projet de loi en commission"},"content":{"rendered":"<p class=\"rtejustify\">Le projet de loi sur les \u00e9tudes d\u2019impact sur l\u2019environnement a \u00e9t\u00e9 finalement relanc\u00e9. Transmis \u00e0 la Chambre des repr\u00e9sentants en mars dernier, le texte sera pr\u00e9sent\u00e9 \u00e0 la Commission des infrastructures de la 1re Chambre, lundi prochain.<\/p>\n<p class=\"rtejustify\"><em>M.A.M.<\/em><\/p>\n<p>Auteur: hlafriqi<br \/>\n<a href=\"https:\/\/www.leconomiste.com\/article\/1045515-etudes-d-impact-le-projet-de-loi-en-commission\">Cliquez ici pour lire l&rsquo;article depuis sa source.<\/a><\/p>\n","protected":false},"excerpt":{"rendered":"<p>Le projet de loi sur les \u00e9tudes d\u2019impact sur l\u2019environnement a \u00e9t\u00e9 finalement relanc\u00e9. Transmis \u00e0 la Chambre des repr\u00e9sentants en mars dernier, le texte sera pr\u00e9sent\u00e9 \u00e0 la Commission des infrastructures de la 1re Chambre, lundi prochain. M.A.M. Auteur: hlafriqi Cliquez ici pour lire l&rsquo;article depuis sa source.<\/p>\n","protected":false},"author":1763,"featured_media":0,"comment_status":"closed","ping_status":"closed","sticky":false,"template":"","format":"standard","meta":{"fifu_image_url":"","fifu_image_alt":"","footnotes":""},"categories":[78,54],"tags":[],"class_list":["post-36345","post","type-post","status-publish","format-standard","hentry","category-economie","category-maroc"],"_links":{"self":[{"href":"https:\/\/linitiative.ca\/International\/wp-json\/wp\/v2\/posts\/36345","targetHints":{"allow":["GET"]}}],"collection":[{"href":"https:\/\/linitiative.ca\/International\/wp-json\/wp\/v2\/posts"}],"about":[{"href":"https:\/\/linitiative.ca\/International\/wp-json\/wp\/v2\/types\/post"}],"author":[{"embeddable":true,"href":"https:\/\/linitiative.ca\/International\/wp-json\/wp\/v2\/users\/1763"}],"replies":[{"embeddable":true,"href":"https:\/\/linitiative.ca\/International\/wp-json\/wp\/v2\/comments?post=36345"}],"version-history":[{"count":0,"href":"https:\/\/linitiative.ca\/International\/wp-json\/wp\/v2\/posts\/36345\/revisions"}],"wp:attachment":[{"href":"https:\/\/linitiative.ca\/International\/wp-json\/wp\/v2\/media?parent=36345"}],"wp:term":[{"taxonomy":"category","embeddable":true,"href":"https:\/\/linitiative.ca\/International\/wp-json\/wp\/v2\/categories?post=36345"},{"taxonomy":"post_tag","embeddable":true,"href":"https:\/\/linitiative.ca\/International\/wp-json\/wp\/v2\/tags?post=36345"}],"curies":[{"name":"wp","href":"https:\/\/api.w.org\/{rel}","templated":true}]}}