{"id":36346,"date":"2019-05-24T05:30:00","date_gmt":"2019-05-24T09:30:00","guid":{"rendered":"https:\/\/linitiative.ca\/International\/le-gam-devoile-sa-vision-2022\/"},"modified":"2019-05-24T05:30:00","modified_gmt":"2019-05-24T09:30:00","slug":"le-gam-devoile-sa-vision-2022","status":"publish","type":"post","link":"https:\/\/linitiative.ca\/International\/le-gam-devoile-sa-vision-2022\/","title":{"rendered":"Le GAM d\u00e9voile sa vision 2022"},"content":{"rendered":"<div readability=\"35\">\n<p>Ouverture des adh\u00e9sions en faveur des PME, de l\u2019entreprise publique et des r\u00e9gions<\/p>\n<p>Une grille de cotisation progressive selon la taille de l\u2019entreprise<\/p>\n<\/div>\n<div readability=\"145.5\">\n<div class=\"dnd-atom-wrapper type-image context-sdl_editor_representation atom-align-right\" contenteditable=\"false\" readability=\"33\">\n<div class=\"dnd-drop-wrapper image\"><img loading=\"lazy\" decoding=\"async\" typeof=\"foaf:Image\" class=\"img-responsive\" src=\"https:\/\/www.leconomiste.com\/sites\/default\/files\/eco7\/public\/thumbnails\/image\/youssef_cheikhi_022.jpg\" width=\"254\" height=\"312\" alt=\"youssef_cheikhi_022.jpg\" title=\"youssef_cheikhi_022.jpg\"\/><\/div>\n<div class=\"dnd-legend-wrapper\" contenteditable=\"true\" readability=\"11\">\n<p class=\"rtejustify\">Plus d\u2019ouverture dans les adh\u00e9sions, recrutement des PME, des entreprises publiques, ancrage r\u00e9gional&#8230; Ce sont l\u00e0 autant de priorit\u00e9s de l\u2019\u00e9quipe Youssef Cheikhi <em>(Ph. Gam)<\/em><\/p>\n<\/div>\n<\/div>\n<p class=\"rtejustify\">La nouvelle \u00e9quipe dirigeante du Groupement des annonceurs nourrit de grandes ambitions sur la p\u00e9riode 2019-2022. La premi\u00e8re sortie du nouveau bureau a eu lieu, le 21 mai \u00e0 Casablanca, devant un parterre repr\u00e9sentatif de l\u2019\u00e9cosyst\u00e8me des annonceurs, agences conseil en communication, professionnels du marketing, m\u00e9dias, digital&#8230;<\/p>\n<p class=\"rtejustify\">Pr\u00e9sid\u00e9 par Youssef Cheikhi (directeur Communication de l\u2019OFPPT), le bureau du GAM d\u00e9voile la Vision 2022. Une feuille de route qui s\u2019inscrit \u00e0 la fois en rupture et en continuit\u00e9 avec l\u2019\u00e9quipe sortante du groupement. L\u2019orientation va vers l\u2019ouverture et le recrutement de nouvelles adh\u00e9sions aussi bien dans les r\u00e9gions qu\u2019aupr\u00e8s du tissu des PME avec une grille de cotisation progressive selon la taille de l\u2019entreprise.<\/p>\n<p class=\"rtejustify\">L\u2019id\u00e9e est de ratisser large dans les adh\u00e9sions et surtout rompre avec la perception, \u00e0 tort ou \u00e0 raison, du GAM en tant que club s\u00e9lect et ferm\u00e9, r\u00e9serv\u00e9 exclusivement aux grands annonceurs priv\u00e9s. Il est aussi question de s\u2019ouvrir davantage aux entreprises publiques.<\/p>\n<p class=\"rtejustify\">Autre r\u00e9solution majeure, la r\u00e9activation des commissions et la structuration du secteur. Le GAM compte aussi s\u2019ouvrir davantage sur l\u2019ensemble de l\u2019\u00e9cosyst\u00e8me, de mani\u00e8re \u00e0 faire jouer des synergies entre les annonceurs, les m\u00e9dias, les agences de communication, les professionnels du marketing ou encore le digital.<\/p>\n<p class=\"rtejustify\">La Vision 2022 du GAM s\u2019articule autour de 6 axes strat\u00e9giques: la gouvernance, la communication et \u00e9v\u00e9nementiel, la structuration du secteur, le d\u00e9veloppement des comp\u00e9tences ou encore le partenariat et membership.<\/p>\n<p class=\"rtejustify\">Sur le registre de la gouvernance, la priorit\u00e9 sera donn\u00e9e \u00e0 la r\u00e9activation des commissions th\u00e9matiques, notamment la Commission \u00e9tudes et mesures d\u2019audience, celle de la r\u00e9glementation\/r\u00e9gulation ou encore la formation. Le challenge est d\u2019enclencher la m\u00eame dynamique que celle de la commission digitale, qui est la plus op\u00e9rationnelle et r\u00e9guli\u00e8re.<\/p>\n<p class=\"rtejustify\">L\u2019\u00e9quipe de Youssef Cheikhi compte \u00e9galement cr\u00e9er et dynamiser des clubs du GAM. Il s\u2019agit d\u2019espaces de networking entre annonceurs et diff\u00e9rents acteurs de l\u2019\u00e9cosyst\u00e8me. Parmi les clubs, figurent ceux de l\u2019Innovation, M\u00e9dias, FMCG ou encore EEP (entreprises publiques).<\/p>\n<p class=\"rtejustify\">Le contexte actuel de r\u00e9gionalisation avanc\u00e9e fait que le GAM s\u2019est r\u00e9solu \u00e0 renforcer sa repr\u00e9sentativit\u00e9 \u00e0 l\u2019\u00e9chelle territoriale. D\u00e9sormais, la r\u00e9gionalisation des instances est un \u00e9l\u00e9ment crucial de la strat\u00e9gie. Ce qui passera par l\u2019identification des acteurs et l\u2019organisation d\u2019\u00e9v\u00e9nements dans l\u2019ensemble des r\u00e9gions du Maroc.<\/p>\n<p class=\"rtejustify\">Sur l\u2019axe de la communication, le GAM compte mettre en place une strat\u00e9gie Brand Content. Le groupement des annonceurs pr\u00e9voit d\u2019\u00e9voluer vers une plateforme digitale, produire des livres blancs, ou encore finaliser le projet tr\u00e8s avanc\u00e9 de l\u2019African Digital TV&#8230; Il est aussi question de maintenir un lien permanent avec les membres de l\u2019\u00e9cosyst\u00e8me via des forums, des newsletters, flash infos&#8230; Dans le m\u00eame esprit, le GAM compte diversifier les actions \u00e9v\u00e9nementielles sur les 3 prochaines ann\u00e9es.<\/p>\n<p class=\"rtejustify\">Une chose est s\u00fbre, la structuration du secteur est un axe fondamental. Le GAM compte s\u2019y prendre \u00e0 travers la mise en place d\u2019un organe de mesure d\u2019audience digitale. Il s\u2019engage aussi \u00e0 contribuer \u00e0 la cr\u00e9ation d\u2019une instance d\u2019auto-r\u00e9gulation de la publicit\u00e9. L\u00e0 aussi, il est pr\u00e9vu de faire jouer des synergies sur la data avec les instances qui produisent les mesures d\u2019audience.<\/p>\n<p class=\"rtejustify\">Le d\u00e9fi du secteur r\u00e9side aussi dans la mont\u00e9e en comp\u00e9tences. \u00abLe d\u00e9veloppement des comp\u00e9tences est la pierre angulaire de notre strat\u00e9gie\u00bb, soutient Cheikhi, pr\u00e9sident. L\u2019approche repose sur le d\u00e9veloppement de l\u2019offre de formation du GAM (projet GAM Academy, plateforme e-learning ouverte \u00e0 l\u2019ensemble des membres ou encore le learning trip).<\/p>\n<p class=\"rtejustify\">Dans le m\u00eame sillage, les annonceurs comptent se rapprocher du monde acad\u00e9mique, notamment dans la d\u00e9finition des besoins en comp\u00e9tences. \u00abNous avons notre mot \u00e0 dire par rapport aux sp\u00e9cificit\u00e9s de notre domaine d\u2019activit\u00e9\u00bb, pr\u00e9cise le pr\u00e9sident du GAM. Par ailleurs, il est pr\u00e9vu de cr\u00e9er des espaces et plateformes de peer learning ou encore de partage de bonnes pratiques entre membres pour rehausser le niveau de comp\u00e9tences.<\/p>\n<p class=\"rtejustify\">Le 5e axe de la vision privil\u00e9gie les partenariats de mani\u00e8re \u00e0 assurer plus de visibilit\u00e9 et une meilleure repr\u00e9sentativit\u00e9 aupr\u00e8s des instances de mesure d\u2019audience. Le GAM s\u2019est \u00e9galement r\u00e9solu \u00e0 renforcer ses liens avec les acteurs institutionnels (notamment le minist\u00e8re de la Communication, la HACA, l\u2019ANRT, l\u2019Agence du digital&#8230;). Pareil avec les organisations professionnelles, notamment la CGEM, FMEJ, WFA&#8230;<\/p>\n<blockquote readability=\"16\">\n<p class=\"rtecenter\"><strong><span class=\"c3\">Who\u2019s who&#8230;<\/span><\/strong><\/p>\n<p class=\"rtejustify\">Cr\u00e9\u00e9 en 1984, le Groupement des annonceurs du Maroc (GAM) se positionne aujourd\u2019hui en tant qu\u2019unique repr\u00e9sentant des annonceurs du Maroc. C\u2019est un organe qui \u00e9volue dans un secteur vital de l\u2019\u00e9conomie, celui des investissements publicitaires, principale source de revenus des m\u00e9dias. D\u00e9but avril dernier, le GAM a \u00e9lu son nouveau bureau ex\u00e9cutif pour un mandat de trois ans. La pr\u00e9sidence est assur\u00e9e par Youssef Cheikhi, directeur Communication de l\u2019OFPPT, auparavant \u00e0 la t\u00eate de la com de l\u2019Anapec. Trois vice-pr\u00e9sidents si\u00e8gent au bureau: Soumia Chraibi (dir com de Centrale Danone), Amine Sadik (Brand Operations Leader chez Procter &#038; Gamble) et Azzedine Lazrak (directeur de Comsup). Le secr\u00e9tariat g\u00e9n\u00e9ral revient \u00e0 Sanaa Bousmai (L\u2019Or\u00e9al). Enfin, Younes Okba (manager m\u00e9dias chez Inwi) est le tr\u00e9sorier g\u00e9n\u00e9ral.<\/p>\n<\/blockquote>\n<p class=\"rtejustify\"><em>Amin RBOUB<\/em><\/p>\n<p class=\"rtejustify\">\u00a0<\/p>\n<\/div>\n<p>Auteur: hlafriqi<br \/>\n<a href=\"https:\/\/www.leconomiste.com\/article\/1045498-le-gam-devoile-sa-vision-2022\">Cliquez ici pour lire l&rsquo;article depuis sa source.<\/a><\/p>\n","protected":false},"excerpt":{"rendered":"<p>Ouverture des adh\u00e9sions en faveur des PME, de l\u2019entreprise publique et des r\u00e9gions Une grille de cotisation progressive selon la taille de l\u2019entreprise Plus d\u2019ouverture dans les adh\u00e9sions, recrutement des PME, des entreprises publiques, ancrage r\u00e9gional&#8230; Ce sont l\u00e0 autant de priorit\u00e9s de l\u2019\u00e9quipe Youssef Cheikhi (Ph. Gam) La nouvelle \u00e9quipe dirigeante du Groupement des [&hellip;]<\/p>\n","protected":false},"author":1763,"featured_media":36347,"comment_status":"closed","ping_status":"closed","sticky":false,"template":"","format":"standard","meta":{"fifu_image_url":"","fifu_image_alt":"","footnotes":""},"categories":[78,54],"tags":[],"class_list":["post-36346","post","type-post","status-publish","format-standard","has-post-thumbnail","hentry","category-economie","category-maroc"],"_links":{"self":[{"href":"https:\/\/linitiative.ca\/International\/wp-json\/wp\/v2\/posts\/36346","targetHints":{"allow":["GET"]}}],"collection":[{"href":"https:\/\/linitiative.ca\/International\/wp-json\/wp\/v2\/posts"}],"about":[{"href":"https:\/\/linitiative.ca\/International\/wp-json\/wp\/v2\/types\/post"}],"author":[{"embeddable":true,"href":"https:\/\/linitiative.ca\/International\/wp-json\/wp\/v2\/users\/1763"}],"replies":[{"embeddable":true,"href":"https:\/\/linitiative.ca\/International\/wp-json\/wp\/v2\/comments?post=36346"}],"version-history":[{"count":0,"href":"https:\/\/linitiative.ca\/International\/wp-json\/wp\/v2\/posts\/36346\/revisions"}],"wp:featuredmedia":[{"embeddable":true,"href":"https:\/\/linitiative.ca\/International\/wp-json\/"}],"wp:attachment":[{"href":"https:\/\/linitiative.ca\/International\/wp-json\/wp\/v2\/media?parent=36346"}],"wp:term":[{"taxonomy":"category","embeddable":true,"href":"https:\/\/linitiative.ca\/International\/wp-json\/wp\/v2\/categories?post=36346"},{"taxonomy":"post_tag","embeddable":true,"href":"https:\/\/linitiative.ca\/International\/wp-json\/wp\/v2\/tags?post=36346"}],"curies":[{"name":"wp","href":"https:\/\/api.w.org\/{rel}","templated":true}]}}