{"id":36364,"date":"2019-05-24T15:14:05","date_gmt":"2019-05-24T19:14:05","guid":{"rendered":"https:\/\/linitiative.ca\/International\/ligue-1-2-nahd-brahimi-nous-avons-ete-penalises-par-les-absences\/"},"modified":"2019-05-24T15:14:05","modified_gmt":"2019-05-24T19:14:05","slug":"ligue-1-2-nahd-brahimi-nous-avons-ete-penalises-par-les-absences","status":"publish","type":"post","link":"https:\/\/linitiative.ca\/International\/ligue-1-2-nahd-brahimi-nous-avons-ete-penalises-par-les-absences\/","title":{"rendered":"Ligue 1 &amp; 2 : NAHD &#8211; Brahimi: \u00abNous avons \u00e9t\u00e9 p\u00e9nalis\u00e9s par les absences\u00bb"},"content":{"rendered":"<div readability=\"32\">\n<p>Auteur : <span>Rachid C.<\/span> <span class=\"time\">vendredi 24 mai 2019 12:22<\/span><\/p>\n<\/div>\n<div id=\"post_core\" readability=\"59\">\n<p>C\u2019est hier apr\u00e8s-midi que nous avons eu Belgacem Brahimi au bout du fil. Auteur d\u2019une fin de saison en feu, le lat\u00e9ral gauche qui encha\u00eene les bonnes prestations a accept\u00e9 de r\u00e9pondre \u00e0 nos questions. Il est revenu sur le nouvel \u00e9chec conc\u00e9d\u00e9 face aux Canaris. Il a \u00e9galement \u00e9voqu\u00e9 le prochain rendez-vous qui opposera les siens au MCO. Il nous a confi\u00e9 que son \u00e9quipe fera de son mieux pour terminer la saison par un r\u00e9sultat positif.<br \/><strong>Encore un nouveau faux pas, cette fois contre la JSK. Comment expliquez-vous la d\u00e9faite ?<\/strong><br \/>C\u2019\u00e9tait notre derni\u00e8re rencontre de la saison \u00e0 domicile, nous avons voulu vraiment offrir la victoire \u00e0 notre public. Malheureusement nous avions en face un adversaire solide. Il nous a cr\u00e9\u00e9 beaucoup de difficult\u00e9s. Nous sommes tr\u00e8s d\u00e9\u00e7us, nous tenons \u00e0 nous excuser aupr\u00e8s de nos supporters. Nous n\u2019avons pas \u00e9t\u00e9 \u00e0 la hauteur des attentes. Cette d\u00e9faite est am\u00e8re mais nous n\u2019avons pas le choix, nous devons tourner la page et passer \u00e0 autre chose.<br \/><strong>Vous avez bien abord\u00e9 le match mais vous avez encaiss\u00e9 le premier but contre le cours du jeu, un commentaire ?<\/strong><br \/>Vous avez raison. Comme je viens de le dire, nous \u00e9tions tr\u00e8s motiv\u00e9s mais les joueurs de la JSK ont pris confiance au fil du match. La preuve, m\u00eame lorsque nous avons r\u00e9ussi \u00e0 \u00e9galiser, ils n\u2019ont pas dout\u00e9. Ils ont continu\u00e9 \u00e0 d\u00e9velopper leur jeu le plus normalement du monde, c\u2019est ce qui leur a permis de reprendre une nouvelle fois l\u2019avantage. Les Canaris \u00e9taient sup\u00e9rieurs. Ils n\u2019ont pas vol\u00e9 leur victoire, ce n\u2019est pas par hasard qu\u2019ils sont \u00e0 une longueur du leader.\u00a0\u00a0\u00a0 \u00a0<br \/><strong>Les nombreuses absences enregistr\u00e9es vous ont t-elles p\u00e9nalis\u00e9s ?<\/strong><br \/>Oui, bien s\u00fbr. Ce n\u2019est un secret pour personne, le coach n\u2019a jamais r\u00e9ussi \u00e0 aligner le m\u00eame onze deux matchs de suite et cela depuis plusieurs semaines. Chaque fois, il y a des \u00e9l\u00e9ments bless\u00e9s ou suspendus. Contre la JSK, pas moins de cinq joueurs ont d\u00e9clar\u00e9 forfait, c\u2019est ce qui s\u2019est r\u00e9percut\u00e9 sur le rendement du groupe.\u00a0\u00a0 \u00a0<br \/><strong>Malgr\u00e9 cet \u00e9chec, le Nasria a r\u00e9ussi enfin \u00e0 assurer son maintien. Qu\u2019avez-vous \u00e0 nous dire \u00e0 ce sujet ?<\/strong><br \/>Nous sommes tr\u00e8s soulag\u00e9s. Notre mission \u00e9tait tr\u00e8s difficile mais nous avons r\u00e9ussi quand m\u00eame \u00e0 l\u2019assurer. Au d\u00e9but, on visait une place parmi les trois premiers mais nous \u00e9tions oblig\u00e9s de revoir nos objectifs \u00e0 la baisse. Le fait que nous ayons lutt\u00e9 sur trois fronts nous a oblig\u00e9s \u00e0 d\u00e9penser beaucoup d\u2019\u00e9nergie. Nous n\u2019avions plus les ressources n\u00e9cessaires pour encha\u00eener les matchs. C\u2019est ce qui nous a jou\u00e9 un mauvais tour.\u00a0\u00a0\u00a0\u00a0 \u00a0<br \/><strong>Vous allez vous rendre ce dimanche \u00e0 Oran pour d\u00e9fier l\u2019\u00e9quipe locale, comment se pr\u00e9sente pour vous cette ultime rencontre de la saison ?<\/strong><br \/>Certains pensent que ce sera un match sans enjeu, du moment que nous n\u2019avons plus aucun objectif, mais nous n\u2019allons pas faire de cadeau aux Oranais. Nous allons faire tout notre possible pour ajouter trois pr\u00e9cieux points \u00e0 notre actif et terminer le championnat en beaut\u00e9. Notre t\u00e2che ne va pas \u00eatre facile contre une \u00e9quipe menac\u00e9e par la rel\u00e9gation, mais nous avons les moyens de revenir de notre d\u00e9placement avec un succ\u00e8s.\u00a0 \u00a0<\/p>\n<p><strong>Publi\u00e9 dans :<\/strong> <span>Nahd<\/span> <span>Brahimi<\/span><\/p>\n<\/div>\n<p>Auteur:<br \/>\n<a href=\"http:\/\/www.lebuteur.com\/article\/detail?titre=nahd-brahimi-nous-avons-ete-penalises-par-les-absences&#038;id=89052&#038;utm_source=feedburner&#038;utm_medium=feed&#038;utm_campaign=Feed%3A+GalerieFArtciles+%28Les+derniers+articles++-+lebuteur.com%29\">Cliquez ici pour lire l&rsquo;article depuis sa source.<\/a><\/p>\n","protected":false},"excerpt":{"rendered":"<p>Auteur : Rachid C. vendredi 24 mai 2019 12:22 C\u2019est hier apr\u00e8s-midi que nous avons eu Belgacem Brahimi au bout du fil. Auteur d\u2019une fin de saison en feu, le lat\u00e9ral gauche qui encha\u00eene les bonnes prestations a accept\u00e9 de r\u00e9pondre \u00e0 nos questions. Il est revenu sur le nouvel \u00e9chec conc\u00e9d\u00e9 face aux Canaris. [&hellip;]<\/p>\n","protected":false},"author":1738,"featured_media":36365,"comment_status":"closed","ping_status":"closed","sticky":false,"template":"","format":"standard","meta":{"fifu_image_url":"","fifu_image_alt":"","footnotes":""},"categories":[53,75],"tags":[],"class_list":["post-36364","post","type-post","status-publish","format-standard","has-post-thumbnail","hentry","category-algerie","category-sport"],"_links":{"self":[{"href":"https:\/\/linitiative.ca\/International\/wp-json\/wp\/v2\/posts\/36364","targetHints":{"allow":["GET"]}}],"collection":[{"href":"https:\/\/linitiative.ca\/International\/wp-json\/wp\/v2\/posts"}],"about":[{"href":"https:\/\/linitiative.ca\/International\/wp-json\/wp\/v2\/types\/post"}],"author":[{"embeddable":true,"href":"https:\/\/linitiative.ca\/International\/wp-json\/wp\/v2\/users\/1738"}],"replies":[{"embeddable":true,"href":"https:\/\/linitiative.ca\/International\/wp-json\/wp\/v2\/comments?post=36364"}],"version-history":[{"count":0,"href":"https:\/\/linitiative.ca\/International\/wp-json\/wp\/v2\/posts\/36364\/revisions"}],"wp:featuredmedia":[{"embeddable":true,"href":"https:\/\/linitiative.ca\/International\/wp-json\/"}],"wp:attachment":[{"href":"https:\/\/linitiative.ca\/International\/wp-json\/wp\/v2\/media?parent=36364"}],"wp:term":[{"taxonomy":"category","embeddable":true,"href":"https:\/\/linitiative.ca\/International\/wp-json\/wp\/v2\/categories?post=36364"},{"taxonomy":"post_tag","embeddable":true,"href":"https:\/\/linitiative.ca\/International\/wp-json\/wp\/v2\/tags?post=36364"}],"curies":[{"name":"wp","href":"https:\/\/api.w.org\/{rel}","templated":true}]}}