{"id":36368,"date":"2019-05-24T15:14:07","date_gmt":"2019-05-24T19:14:07","guid":{"rendered":"https:\/\/linitiative.ca\/International\/ligue-1-2-jsk-que-la-fete-soit-parfaite\/"},"modified":"2019-05-24T15:14:07","modified_gmt":"2019-05-24T19:14:07","slug":"ligue-1-2-jsk-que-la-fete-soit-parfaite","status":"publish","type":"post","link":"https:\/\/linitiative.ca\/International\/ligue-1-2-jsk-que-la-fete-soit-parfaite\/","title":{"rendered":"Ligue 1 &amp; 2 : JSK: Que la f\u00eate soit parfaite !"},"content":{"rendered":"<div readability=\"32\">\n<p>Auteur : <span>Youcef M.<\/span> <span class=\"time\">vendredi 24 mai 2019 12:22<\/span><\/p>\n<\/div>\n<div id=\"post_core\" readability=\"107\">\n<p>Les Jaune et Vert poursuivent leur micro cycle de pr\u00e9paration, en pr\u00e9vision du dernier match du championnat. En marge de la premi\u00e8re s\u00e9ance d\u2019entra\u00eenement qui a pr\u00e9c\u00e9d\u00e9 le succ\u00e8s arrach\u00e9 contre le NAHD, le staff technique a improvis\u00e9 une r\u00e9union avec les joueurs. Une entrevue marqu\u00e9e par un discours tr\u00e8s amical du coach Franck Dumas. Apr\u00e8s avoir f\u00e9licit\u00e9 ses troupes pour leur honorable prestation face aux Husseind\u00e9ens, il les a incit\u00e9s \u00e0 terminer la saison sur une bonne note. En toute diplomatie, l\u2019entraineur de la JSK a motiv\u00e9 ses troupes \u00e0 prolonger leur invincibilit\u00e9 au stade du 1er-Novembre et faire leurs adieux aux supporters dans une ambiance de f\u00eate. Pour lui, son \u00e9quipe doit imp\u00e9rativement bien n\u00e9gocier cette derni\u00e8re sortie \u00e0 domicile. \u00abIl faut absolument encha\u00eener une derni\u00e8re victoire et sortir ainsi avec les honneurs. On doit imp\u00e9rativement faire plaisir aux supporters et leur offrir une victoire. La f\u00eate devrait \u00eatre au rendez-vous dimanche prochain et nous devons absolument la r\u00e9ussir avec nos fid\u00e8les fans. Il n\u2019y aura aucune pression et ce sera l\u2019occasion d\u2019\u00e9voluer tr\u00e8s \u00e0 l\u2019aise. Que la f\u00eate soit parfaite\u00bb, a lanc\u00e9 Dumas. Donc, le prochain match des Kabyles conclura en beaut\u00e9 une saison exceptionnelle riche en \u00e9motion\u2026<\/p>\n<p><strong>La fi\u00e8vre monte d\u2019un cran\u00a0<\/strong><br \/>Les joueurs de la JSK seront devant un ultime obstacle \u00e0 surmonter ce dimanche, \u00e0 l\u2019occasion de la venue du CABBA. Le dernier objectif de la saison sera abord\u00e9 avec un seul mot d\u2019ordre : arracher la victoire et attendre une bonne nouvelle de Constantine. Donc la prochaine sortie des joueurs kabyles dans leur fief ne sera de tout pas repos m\u00eame si le CABBA a d\u00e9j\u00e0 assur\u00e9 son maintien. A Tizi-Ouzou et l\u00e0 o\u00f9 vous passez, on retient une seule chose : gagner dimanche et esp\u00e9rer un cadeau du CSC, appel\u00e9 \u00e0 respecter l\u2019\u00e9thique sportive. La direction, pour sa part, compte organiser une parade et a d\u00e9j\u00e0 entam\u00e9 les pr\u00e9paratifs. On ressent d\u00e9j\u00e0 cette pression positive et tout le monde est satisfait de cette jeune \u00e9quipe driv\u00e9e par Franck Dumas. Ainsi, la fi\u00e8vre ne cesse de monter au sein des supporters kabyles qui comptent faire le grand saut pour triompher dimanche avec les joueurs et les dirigeants\u2026<\/p>\n<p><strong>Les joueurs ne jurent que par la victoire<\/strong><br \/>Malgr\u00e9 leur d\u00e9placement sans enjeu, les joueurs du CABBA ne comptent pas faire de la figuration. Il faut s\u2019attendre \u00e0 une adversit\u00e9 de taille de la part des hommes de Dziri. De leur c\u00f4t\u00e9, les co\u00e9quipiers de Belgherbi, sensibles au discours du coach, semblent d\u00e9termin\u00e9s \u00e0 r\u00e9ussir la f\u00eate dimanche et battre ainsi leur adversaire. Ils ne jurent que par la victoire et ont promis \u00e0 l\u2019entraineur les trois points. Ce qui est s\u00fbr, c\u2019est que tous les joueurs de la JSK veulent prendre part \u00e0 cette f\u00eate de fin de saison et la c\u00e9l\u00e9brer avec leurs fans en apoth\u00e9ose. En tout cas, la Kabylie y croit tr\u00e8s fort.<\/p>\n<p><strong>Faites-vous plaisir !<\/strong><br \/>Les prot\u00e9g\u00e9s de Franck Dumas s\u2019appr\u00eatent \u00e0 livrer leur derni\u00e8re empoignade de la saison avec beaucoup moins de pression contre une formation qui n\u2019aura rien \u00e0 perdre et \u00e9voluera ainsi sans la moindre pression. Les s\u00e9ances d\u2019entrainement se d\u00e9roulent dans une excellente ambiance puisque le moral des troupes est gonfl\u00e9 \u00e0 bloc. Les co\u00e9quipiers de Belaili n\u2019ont plus cette peur au ventre car tout ce qui viendra lors de l\u2019ultime match de la saison sera un bonus. C\u2019est ainsi que s\u2019est adress\u00e9 Dumas \u00e0 ses poulains \u00e0 l\u2019entrainement puisqu\u2019il a insist\u00e9 sur la n\u00e9cessit\u00e9 d\u2019\u00e9viter toute pression inutile et surtout se faire plaisir et jouer leur habituel football. Il n\u2019y aura pas de pression, certes, mais les jeunots kabyles devront bien g\u00e9rer certaines phases du match sans encombre.<br \/>&#8212;&#8212;&#8212;&#8212;&#8212;&#8212;&#8212;&#8212;&#8212;&#8212;&#8212;-<\/p>\n<p><strong>Amaouche : \u00abOn veut se\u00a0s\u00e9parer provisoirement de nos supporters sur une bonne note\u00bb<\/strong><\/p>\n<p><strong>A J-1 du tomber de rideau, comment pr\u00e9parez-vous l\u2019ultime match de la saison face au CABBA ?<\/strong><br \/>On se pr\u00e9pare le plus normalement du monde et sans la moindre pression. Ce sera un match de c\u00e9l\u00e9bration avec nos fid\u00e8les supporters, apr\u00e8s une saison harassante. Il s\u2019agit de la derni\u00e8re rencontre du championnat, nous allons l\u2019aborder tr\u00e8s \u00e0 l\u2019aise. Nous avons atteint notre objectif et nous allons ainsi tenter de terminer sur une bonne note.\u00a0<br \/><strong>Cela veut dire que ce sera une simple formalit\u00e9\u2026<\/strong><br \/>Non, pas du tout. On jouera \u00e0 l\u2019aise et sans la moindre pression avec l\u2019envie d\u2019arracher les trois points de la victoire. On veut gagner et terminer sur une bonne note devant nos supporters. On veut leur offrir un dernier succ\u00e8s, avant de leur donner rendez-vous pour la saison prochaine. C\u2019est ce que je voulais dire par c\u00e9l\u00e9bration. Il faut terminer la saison sur une bonne note.<br \/><strong>Avec un peu de recul, voulez-vous revenir sur le pr\u00e9cieux succ\u00e8s ramen\u00e9 du 20-Ao\u00fbt contre le NAHD ?<\/strong><br \/>Ce sont trois pr\u00e9cieux points pour la course vers le sacre. Nous \u00e9tions concentr\u00e9s sur notre match et le faux pas de l\u2019USMA a fait nos affaires. Nous avons fait le match qu\u2019il fallait et je remercie les supporters qui nous ont boost\u00e9s jusqu\u2019\u00e0 l\u2019ultime minute de la rencontre. D\u00e9sormais, nous sommes tourn\u00e9s vers le dernier match du championnat \u00e0 domicile.\u00a0<br \/><strong>Comment voyez-vous l\u2019ultime test du championnat contre le CABBA ?<\/strong><br \/>Ce sera un difficile test, certainement. Le CABBA a assur\u00e9 son maintien et cherchera des points suppl\u00e9mentaires pour consolider son capital points. Les Bordjis veulent avancer et confirmer leur excellent parcours lors de la seconde manche du championnat. Ils entameront la rencontre sans la moindre pression et joueront \u00e0 l\u2019aise. Donc, ce sera un duel plaisant, mais notre mission ne sera gu\u00e8re une sin\u00e9cure. Nous devons faire preuve d\u2019application et de concentration pour arracher les trois points. On veut terminer le championnat en beaut\u00e9 chez nous et devant nos supporters.\u00a0<br \/><strong>Tout en esp\u00e9rant un faux pas de l\u2019USMA, vous \u00eates dans l\u2019obligation de terminer sur une bonne note pour arracher le sacre, non ?<\/strong><br \/>Effectivement, nous n\u2019avons pas d\u2019autre alternative que de gagner et d\u2019attendre le r\u00e9sultat du CSC-USMA. Il faut d\u2019abord r\u00e9colter les trois face au CABBA, avant de penser \u00e0 autre chose. En plus, on veut absolument se s\u00e9parer provisoirement avec nos supporters cette saison sur une belle victoire. Les joueurs veulent r\u00e9ussir une belle fin de saison, avant de prendre les vacances. En plus, on veut offrir les trois points \u00e0 notre fid\u00e8le public. On leur donne rendez-vous dimanche pour la grande f\u00eate.<br \/><strong>Comment \u00e9valuez-vous cet exercice sur le double plan individuel et collectif ?<\/strong><br \/>Sans pr\u00e9tention aucune, c\u2019est une saison exemplaire et r\u00e9ussie sur tous les plans. Sur le plan collectif, nous avons r\u00e9alis\u00e9 une meilleure saison avec cette qualification \u00e0 la Ligue des champions. La JSK renouera avec l\u2019Afrique, apr\u00e8s plusieurs ann\u00e9es d\u2019\u00e9clipse. Nous avons assur\u00e9 le maintien sans la moindre pression, contrairement \u00e0 la saison pass\u00e9e. Sur le plan personnel, j\u2019ai donn\u00e9 le meilleur de moi-m\u00eame. J\u2019ai rendu service \u00e0 mon \u00e9quipe et j\u2019esp\u00e8re que j\u2019ai bien tenu mon r\u00f4le. En somme, je suis satisfait de ma saison et j\u2019esp\u00e8re que la JSK continuera son ascension et r\u00e9ussira un meilleur parcours la saison prochaine.\u00a0<br \/><strong>Justement, quel sera votre\u00a0<br \/>avenir ?<\/strong><br \/>Peu importe mon avenir, le plus important est de terminer le championnat en force et esp\u00e9rer r\u00e9colter les fruits de notre travail. Apr\u00e8s, il faudra tirer les renseignements et penser \u00e0 donner au club sa grandeur et lui permettre une meilleure dimension. La JSK a retrouv\u00e9 sa grandeur cette saison et son parcours semble tout \u00e0 fait logique. Avec sa riche histoire, l\u2019\u00e9quipe doit viser toujours plus haut et jouer les premiers r\u00f4les chaque ann\u00e9e.\u00a0<br \/><strong>Entretien r\u00e9alis\u00e9 par\u00a0<br \/>Ly\u00e9s Aouiche<\/strong><\/p>\n<p><strong>Publi\u00e9 dans :<\/strong> <span>JSK<\/span> <span>Amaouche<\/span><\/p>\n<\/div>\n<p>Auteur:<br \/>\n<a href=\"http:\/\/www.lebuteur.com\/article\/detail?titre=jsk-que-la-fete-soit-parfaite&#038;id=89050&#038;utm_source=feedburner&#038;utm_medium=feed&#038;utm_campaign=Feed%3A+GalerieFArtciles+%28Les+derniers+articles++-+lebuteur.com%29\">Cliquez ici pour lire l&rsquo;article depuis sa source.<\/a><\/p>\n","protected":false},"excerpt":{"rendered":"<p>Auteur : Youcef M. vendredi 24 mai 2019 12:22 Les Jaune et Vert poursuivent leur micro cycle de pr\u00e9paration, en pr\u00e9vision du dernier match du championnat. En marge de la premi\u00e8re s\u00e9ance d\u2019entra\u00eenement qui a pr\u00e9c\u00e9d\u00e9 le succ\u00e8s arrach\u00e9 contre le NAHD, le staff technique a improvis\u00e9 une r\u00e9union avec les joueurs. Une entrevue marqu\u00e9e [&hellip;]<\/p>\n","protected":false},"author":1738,"featured_media":36369,"comment_status":"closed","ping_status":"closed","sticky":false,"template":"","format":"standard","meta":{"fifu_image_url":"","fifu_image_alt":"","footnotes":""},"categories":[53,75],"tags":[],"class_list":["post-36368","post","type-post","status-publish","format-standard","has-post-thumbnail","hentry","category-algerie","category-sport"],"_links":{"self":[{"href":"https:\/\/linitiative.ca\/International\/wp-json\/wp\/v2\/posts\/36368","targetHints":{"allow":["GET"]}}],"collection":[{"href":"https:\/\/linitiative.ca\/International\/wp-json\/wp\/v2\/posts"}],"about":[{"href":"https:\/\/linitiative.ca\/International\/wp-json\/wp\/v2\/types\/post"}],"author":[{"embeddable":true,"href":"https:\/\/linitiative.ca\/International\/wp-json\/wp\/v2\/users\/1738"}],"replies":[{"embeddable":true,"href":"https:\/\/linitiative.ca\/International\/wp-json\/wp\/v2\/comments?post=36368"}],"version-history":[{"count":0,"href":"https:\/\/linitiative.ca\/International\/wp-json\/wp\/v2\/posts\/36368\/revisions"}],"wp:featuredmedia":[{"embeddable":true,"href":"https:\/\/linitiative.ca\/International\/wp-json\/"}],"wp:attachment":[{"href":"https:\/\/linitiative.ca\/International\/wp-json\/wp\/v2\/media?parent=36368"}],"wp:term":[{"taxonomy":"category","embeddable":true,"href":"https:\/\/linitiative.ca\/International\/wp-json\/wp\/v2\/categories?post=36368"},{"taxonomy":"post_tag","embeddable":true,"href":"https:\/\/linitiative.ca\/International\/wp-json\/wp\/v2\/tags?post=36368"}],"curies":[{"name":"wp","href":"https:\/\/api.w.org\/{rel}","templated":true}]}}