{"id":36372,"date":"2019-05-24T15:14:10","date_gmt":"2019-05-24T19:14:10","guid":{"rendered":"https:\/\/linitiative.ca\/International\/international-real-des-envies-de-depart-pour-sergio-ramos\/"},"modified":"2019-05-24T15:14:10","modified_gmt":"2019-05-24T19:14:10","slug":"international-real-des-envies-de-depart-pour-sergio-ramos","status":"publish","type":"post","link":"https:\/\/linitiative.ca\/International\/international-real-des-envies-de-depart-pour-sergio-ramos\/","title":{"rendered":"International : Real : Des envies de d\u00e9part pour Sergio Ramos ?"},"content":{"rendered":"<div readability=\"32\">\n<p>Auteur : <span class=\"time\">vendredi 24 mai 2019 17:53<\/span><\/p>\n<\/div>\n<div id=\"post_core\" readability=\"49\">\n<p>Alors que le club madril\u00e8ne souhaite r\u00e9aliser une v\u00e9ritable r\u00e9volution au sein de son effectif pour entamer un nouveau cycle, le capitaine des Merengue, Sergio Ramos (33 ans), se pose s\u00e9rieusement des questions sur son avenir au sein de la Maison Blanche selon l&rsquo;\u00e9mission El Chiringuito que rapporte Maxifoot.<\/p>\n<p>Confirm\u00e9e ensuite par le quotidien ib\u00e9rique Marca, cette nouvelle n&rsquo;est finalement pas surprenante. En effet, l&rsquo;international espagnol a connu des derniers mois agit\u00e9s au Real, avec notamment son accrochage avec son pr\u00e9sident Florentino P\u00e9rez apr\u00e8s l&rsquo;\u00e9limination en Ligue des Champions face \u00e0 l&rsquo;Ajax Amsterdam (2-1, 1-4). Le retour de Zin\u00e9dine Zidane sur le banc pourra-t-il convaincre Ramos de rester ? Le technicien fran\u00e7ais risque en tout cas de tout faire pour le persuader de continuer son aventure \u00e0 Madrid.<\/p>\n<p><strong>Publi\u00e9 dans :<\/strong> <span>real madrid<\/span><\/p>\n<\/div>\n<p>Auteur:<br \/>\n<a href=\"http:\/\/www.lebuteur.com\/article\/detail?titre=real-des-envies-de-depart-pour-sergio-ramos&#038;id=89070&#038;utm_source=feedburner&#038;utm_medium=feed&#038;utm_campaign=Feed%3A+GalerieFArtciles+%28Les+derniers+articles++-+lebuteur.com%29\">Cliquez ici pour lire l&rsquo;article depuis sa source.<\/a><\/p>\n","protected":false},"excerpt":{"rendered":"<p>Auteur : vendredi 24 mai 2019 17:53 Alors que le club madril\u00e8ne souhaite r\u00e9aliser une v\u00e9ritable r\u00e9volution au sein de son effectif pour entamer un nouveau cycle, le capitaine des Merengue, Sergio Ramos (33 ans), se pose s\u00e9rieusement des questions sur son avenir au sein de la Maison Blanche selon l&rsquo;\u00e9mission El Chiringuito que rapporte [&hellip;]<\/p>\n","protected":false},"author":1738,"featured_media":36373,"comment_status":"closed","ping_status":"closed","sticky":false,"template":"","format":"standard","meta":{"fifu_image_url":"","fifu_image_alt":"","footnotes":""},"categories":[53,75],"tags":[],"class_list":["post-36372","post","type-post","status-publish","format-standard","has-post-thumbnail","hentry","category-algerie","category-sport"],"_links":{"self":[{"href":"https:\/\/linitiative.ca\/International\/wp-json\/wp\/v2\/posts\/36372","targetHints":{"allow":["GET"]}}],"collection":[{"href":"https:\/\/linitiative.ca\/International\/wp-json\/wp\/v2\/posts"}],"about":[{"href":"https:\/\/linitiative.ca\/International\/wp-json\/wp\/v2\/types\/post"}],"author":[{"embeddable":true,"href":"https:\/\/linitiative.ca\/International\/wp-json\/wp\/v2\/users\/1738"}],"replies":[{"embeddable":true,"href":"https:\/\/linitiative.ca\/International\/wp-json\/wp\/v2\/comments?post=36372"}],"version-history":[{"count":0,"href":"https:\/\/linitiative.ca\/International\/wp-json\/wp\/v2\/posts\/36372\/revisions"}],"wp:featuredmedia":[{"embeddable":true,"href":"https:\/\/linitiative.ca\/International\/wp-json\/"}],"wp:attachment":[{"href":"https:\/\/linitiative.ca\/International\/wp-json\/wp\/v2\/media?parent=36372"}],"wp:term":[{"taxonomy":"category","embeddable":true,"href":"https:\/\/linitiative.ca\/International\/wp-json\/wp\/v2\/categories?post=36372"},{"taxonomy":"post_tag","embeddable":true,"href":"https:\/\/linitiative.ca\/International\/wp-json\/wp\/v2\/tags?post=36372"}],"curies":[{"name":"wp","href":"https:\/\/api.w.org\/{rel}","templated":true}]}}