{"id":36374,"date":"2019-05-24T15:14:11","date_gmt":"2019-05-24T19:14:11","guid":{"rendered":"https:\/\/linitiative.ca\/International\/international-psg-dani-alves-affiche-une-volonte-forte-pour-son-avenir\/"},"modified":"2019-05-24T15:14:11","modified_gmt":"2019-05-24T19:14:11","slug":"international-psg-dani-alves-affiche-une-volonte-forte-pour-son-avenir","status":"publish","type":"post","link":"https:\/\/linitiative.ca\/International\/international-psg-dani-alves-affiche-une-volonte-forte-pour-son-avenir\/","title":{"rendered":"International : PSG : Dani Alves affiche une volont\u00e9 forte pour son avenir !"},"content":{"rendered":"<div readability=\"32\">\n<p>Auteur : <span class=\"time\">vendredi 24 mai 2019 18:31<\/span><\/p>\n<\/div>\n<div id=\"post_core\" readability=\"50\">\n<p>En fin de contrat \u00e0 la fin du mois de juin, l\u2019international br\u00e9silien a deux choix : prolonger avec le PSG ou prendre le large. Alors qu\u2019il vient de f\u00eater ses 36 ans,\u00a0Daniel Alves s\u2019est prononc\u00e9 sur un d\u00e9part en MLS. Une destination qui semble lui plaire.<\/p>\n<p>\u00ab Si la MLS m\u2019attire ? Franchement, la plupart des choses qu\u2019ils font aux USA sont all\u00e9chantes. Dire le contraire serait un mensonge. Gr\u00e2ce \u00e0 leur organisation, leur structure, au fait qu\u2019ils font toujours les choses en grand et qu\u2019ils recherchent l\u2019excellence, c\u2019est quelque chose de tr\u00e8s attrayant pour tout le monde. Si ce n\u2019\u00e9tait pas une belle ligue, personne ne penserait \u00e0 y aller. Lorsqu\u2019ils (NDLR : Sergio Busquets et Mauricio Pochettino ont r\u00e9cemment fait l\u2019\u00e9loge de la MLS) en parlent, ils savent \u00e0 quel point c\u2019est important et la croissance qu\u2019elle a connue. \u00c9videmment, vous gardez toujours un \u0153il dessus, sans aucun doute \u00bb, a-t-il confi\u00e9 dans des propos relay\u00e9s par Le 10 Sport.<\/p>\n<p><strong>Publi\u00e9 dans :<\/strong> <span>PSG<\/span> <span>Alves<\/span><\/p>\n<\/div>\n<p>Auteur:<br \/>\n<a href=\"http:\/\/www.lebuteur.com\/article\/detail?titre=psg-dani-alves-affiche-une-volonte-forte-pour-son-avenir&#038;id=89071&#038;utm_source=feedburner&#038;utm_medium=feed&#038;utm_campaign=Feed%3A+GalerieFArtciles+%28Les+derniers+articles++-+lebuteur.com%29\">Cliquez ici pour lire l&rsquo;article depuis sa source.<\/a><\/p>\n","protected":false},"excerpt":{"rendered":"<p>Auteur : vendredi 24 mai 2019 18:31 En fin de contrat \u00e0 la fin du mois de juin, l\u2019international br\u00e9silien a deux choix : prolonger avec le PSG ou prendre le large. Alors qu\u2019il vient de f\u00eater ses 36 ans,\u00a0Daniel Alves s\u2019est prononc\u00e9 sur un d\u00e9part en MLS. Une destination qui semble lui plaire. \u00ab [&hellip;]<\/p>\n","protected":false},"author":1738,"featured_media":36375,"comment_status":"closed","ping_status":"closed","sticky":false,"template":"","format":"standard","meta":{"fifu_image_url":"","fifu_image_alt":"","footnotes":""},"categories":[53,75],"tags":[],"class_list":["post-36374","post","type-post","status-publish","format-standard","has-post-thumbnail","hentry","category-algerie","category-sport"],"_links":{"self":[{"href":"https:\/\/linitiative.ca\/International\/wp-json\/wp\/v2\/posts\/36374","targetHints":{"allow":["GET"]}}],"collection":[{"href":"https:\/\/linitiative.ca\/International\/wp-json\/wp\/v2\/posts"}],"about":[{"href":"https:\/\/linitiative.ca\/International\/wp-json\/wp\/v2\/types\/post"}],"author":[{"embeddable":true,"href":"https:\/\/linitiative.ca\/International\/wp-json\/wp\/v2\/users\/1738"}],"replies":[{"embeddable":true,"href":"https:\/\/linitiative.ca\/International\/wp-json\/wp\/v2\/comments?post=36374"}],"version-history":[{"count":0,"href":"https:\/\/linitiative.ca\/International\/wp-json\/wp\/v2\/posts\/36374\/revisions"}],"wp:featuredmedia":[{"embeddable":true,"href":"https:\/\/linitiative.ca\/International\/wp-json\/"}],"wp:attachment":[{"href":"https:\/\/linitiative.ca\/International\/wp-json\/wp\/v2\/media?parent=36374"}],"wp:term":[{"taxonomy":"category","embeddable":true,"href":"https:\/\/linitiative.ca\/International\/wp-json\/wp\/v2\/categories?post=36374"},{"taxonomy":"post_tag","embeddable":true,"href":"https:\/\/linitiative.ca\/International\/wp-json\/wp\/v2\/tags?post=36374"}],"curies":[{"name":"wp","href":"https:\/\/api.w.org\/{rel}","templated":true}]}}