{"id":36376,"date":"2019-05-24T15:14:12","date_gmt":"2019-05-24T19:14:12","guid":{"rendered":"https:\/\/linitiative.ca\/International\/pros-nice-atal-titulaire-pour-la-derniere-journee-face-a-monaco\/"},"modified":"2019-05-24T15:14:12","modified_gmt":"2019-05-24T19:14:12","slug":"pros-nice-atal-titulaire-pour-la-derniere-journee-face-a-monaco","status":"publish","type":"post","link":"https:\/\/linitiative.ca\/International\/pros-nice-atal-titulaire-pour-la-derniere-journee-face-a-monaco\/","title":{"rendered":"Pros : Nice : Atal titulaire pour la derni\u00e8re journ\u00e9e face \u00e0 Monaco"},"content":{"rendered":"<div readability=\"32\">\n<p>Auteur : <span class=\"time\">vendredi 24 mai 2019 19:25<\/span><\/p>\n<\/div>\n<div id=\"post_core\" readability=\"51\">\n<p>Voici la composition des deux \u00e9quipes.<\/p>\n<p><strong>Nice :<\/strong> Benitez &#8211; <strong>Atal<\/strong>, H\u00e9relle, Dante (c), Sarr &#8211; Lees-Melou, Tameze, Danilo &#8211; Saint-Maximin, Le Bihan, Ganago.<\/p>\n<p><strong>Monaco :<\/strong> Benaglio &#8211; Sidib\u00e9, Glik, Badiashile, Ballo-Tour\u00e9 &#8211; Fabregas, Silva &#8211; Martins, Golovin, Henrichs &#8211; Falcao (c).<\/p>\n<p><strong>Publi\u00e9 dans :<\/strong> <span>Atal<\/span><\/p>\n<\/div>\n<p>Auteur:<br \/>\n<a href=\"http:\/\/www.lebuteur.com\/article\/detail?titre=nice-atal-titulaire-pour-la-derniere-journee-face-a-monaco&#038;id=89074&#038;utm_source=feedburner&#038;utm_medium=feed&#038;utm_campaign=Feed%3A+GalerieFArtciles+%28Les+derniers+articles++-+lebuteur.com%29\">Cliquez ici pour lire l&rsquo;article depuis sa source.<\/a><\/p>\n","protected":false},"excerpt":{"rendered":"<p>Auteur : vendredi 24 mai 2019 19:25 Voici la composition des deux \u00e9quipes. Nice : Benitez &#8211; Atal, H\u00e9relle, Dante (c), Sarr &#8211; Lees-Melou, Tameze, Danilo &#8211; Saint-Maximin, Le Bihan, Ganago. Monaco : Benaglio &#8211; Sidib\u00e9, Glik, Badiashile, Ballo-Tour\u00e9 &#8211; Fabregas, Silva &#8211; Martins, Golovin, Henrichs &#8211; Falcao (c). Publi\u00e9 dans : Atal Auteur: Cliquez [&hellip;]<\/p>\n","protected":false},"author":1738,"featured_media":36377,"comment_status":"closed","ping_status":"closed","sticky":false,"template":"","format":"standard","meta":{"fifu_image_url":"","fifu_image_alt":"","footnotes":""},"categories":[53,75],"tags":[],"class_list":["post-36376","post","type-post","status-publish","format-standard","has-post-thumbnail","hentry","category-algerie","category-sport"],"_links":{"self":[{"href":"https:\/\/linitiative.ca\/International\/wp-json\/wp\/v2\/posts\/36376","targetHints":{"allow":["GET"]}}],"collection":[{"href":"https:\/\/linitiative.ca\/International\/wp-json\/wp\/v2\/posts"}],"about":[{"href":"https:\/\/linitiative.ca\/International\/wp-json\/wp\/v2\/types\/post"}],"author":[{"embeddable":true,"href":"https:\/\/linitiative.ca\/International\/wp-json\/wp\/v2\/users\/1738"}],"replies":[{"embeddable":true,"href":"https:\/\/linitiative.ca\/International\/wp-json\/wp\/v2\/comments?post=36376"}],"version-history":[{"count":0,"href":"https:\/\/linitiative.ca\/International\/wp-json\/wp\/v2\/posts\/36376\/revisions"}],"wp:featuredmedia":[{"embeddable":true,"href":"https:\/\/linitiative.ca\/International\/wp-json\/"}],"wp:attachment":[{"href":"https:\/\/linitiative.ca\/International\/wp-json\/wp\/v2\/media?parent=36376"}],"wp:term":[{"taxonomy":"category","embeddable":true,"href":"https:\/\/linitiative.ca\/International\/wp-json\/wp\/v2\/categories?post=36376"},{"taxonomy":"post_tag","embeddable":true,"href":"https:\/\/linitiative.ca\/International\/wp-json\/wp\/v2\/tags?post=36376"}],"curies":[{"name":"wp","href":"https:\/\/api.w.org\/{rel}","templated":true}]}}