{"id":36378,"date":"2019-05-24T15:14:13","date_gmt":"2019-05-24T19:14:13","guid":{"rendered":"https:\/\/linitiative.ca\/International\/international-fc-barcelone-le-prometteur-miranda-en-italie\/"},"modified":"2019-05-24T15:14:13","modified_gmt":"2019-05-24T19:14:13","slug":"international-fc-barcelone-le-prometteur-miranda-en-italie","status":"publish","type":"post","link":"https:\/\/linitiative.ca\/International\/international-fc-barcelone-le-prometteur-miranda-en-italie\/","title":{"rendered":"International : FC Barcelone : Le prometteur Miranda en Italie ?"},"content":{"rendered":"<div readability=\"32\">\n<p>Auteur : <span class=\"time\">vendredi 24 mai 2019 19:25<\/span><\/p>\n<\/div>\n<div id=\"post_core\" readability=\"39\">\n<p>Barr\u00e9 au Bar\u00e7a, il n\u2019a aucune chance d\u2019avoir du temps de jeu. Selon Sky Sport et Les-Transferts, il pourrait fier en Italie. La Sampdoria G\u00eanes serait tr\u00e8s int\u00e9ress\u00e9e. Des discussions seraient d\u00e9j\u00e0 en cours entre les deux parties. Il s\u2019agirait d\u2019un pr\u00eat sans option d\u2019achat pour le lat\u00e9ral gauche \u00e2g\u00e9 de 19 ans.<\/p>\n<p><strong>Publi\u00e9 dans :<\/strong> <span>bar\u00e7a<\/span> <span>miranda<\/span><\/p>\n<\/div>\n<p>Auteur:<br \/>\n<a href=\"http:\/\/www.lebuteur.com\/article\/detail?titre=fc-barcelone-le-prometteur-miranda-en-italie&#038;id=89073&#038;utm_source=feedburner&#038;utm_medium=feed&#038;utm_campaign=Feed%3A+GalerieFArtciles+%28Les+derniers+articles++-+lebuteur.com%29\">Cliquez ici pour lire l&rsquo;article depuis sa source.<\/a><\/p>\n","protected":false},"excerpt":{"rendered":"<p>Auteur : vendredi 24 mai 2019 19:25 Barr\u00e9 au Bar\u00e7a, il n\u2019a aucune chance d\u2019avoir du temps de jeu. Selon Sky Sport et Les-Transferts, il pourrait fier en Italie. La Sampdoria G\u00eanes serait tr\u00e8s int\u00e9ress\u00e9e. Des discussions seraient d\u00e9j\u00e0 en cours entre les deux parties. Il s\u2019agirait d\u2019un pr\u00eat sans option d\u2019achat pour le lat\u00e9ral [&hellip;]<\/p>\n","protected":false},"author":1738,"featured_media":36379,"comment_status":"closed","ping_status":"closed","sticky":false,"template":"","format":"standard","meta":{"fifu_image_url":"","fifu_image_alt":"","footnotes":""},"categories":[53,75],"tags":[],"class_list":["post-36378","post","type-post","status-publish","format-standard","has-post-thumbnail","hentry","category-algerie","category-sport"],"_links":{"self":[{"href":"https:\/\/linitiative.ca\/International\/wp-json\/wp\/v2\/posts\/36378","targetHints":{"allow":["GET"]}}],"collection":[{"href":"https:\/\/linitiative.ca\/International\/wp-json\/wp\/v2\/posts"}],"about":[{"href":"https:\/\/linitiative.ca\/International\/wp-json\/wp\/v2\/types\/post"}],"author":[{"embeddable":true,"href":"https:\/\/linitiative.ca\/International\/wp-json\/wp\/v2\/users\/1738"}],"replies":[{"embeddable":true,"href":"https:\/\/linitiative.ca\/International\/wp-json\/wp\/v2\/comments?post=36378"}],"version-history":[{"count":0,"href":"https:\/\/linitiative.ca\/International\/wp-json\/wp\/v2\/posts\/36378\/revisions"}],"wp:featuredmedia":[{"embeddable":true,"href":"https:\/\/linitiative.ca\/International\/wp-json\/"}],"wp:attachment":[{"href":"https:\/\/linitiative.ca\/International\/wp-json\/wp\/v2\/media?parent=36378"}],"wp:term":[{"taxonomy":"category","embeddable":true,"href":"https:\/\/linitiative.ca\/International\/wp-json\/wp\/v2\/categories?post=36378"},{"taxonomy":"post_tag","embeddable":true,"href":"https:\/\/linitiative.ca\/International\/wp-json\/wp\/v2\/tags?post=36378"}],"curies":[{"name":"wp","href":"https:\/\/api.w.org\/{rel}","templated":true}]}}