{"id":36380,"date":"2019-05-24T15:14:14","date_gmt":"2019-05-24T19:14:14","guid":{"rendered":"https:\/\/linitiative.ca\/International\/pros-lens-tahrat-et-mesloub-joueront-leur-accession-face-a-un-club-de-ligue-1\/"},"modified":"2019-05-24T15:14:14","modified_gmt":"2019-05-24T19:14:14","slug":"pros-lens-tahrat-et-mesloub-joueront-leur-accession-face-a-un-club-de-ligue-1","status":"publish","type":"post","link":"https:\/\/linitiative.ca\/International\/pros-lens-tahrat-et-mesloub-joueront-leur-accession-face-a-un-club-de-ligue-1\/","title":{"rendered":"Pros : Lens : Tahrat et Mesloub joueront leur accession face \u00e0 un club de Ligue 1"},"content":{"rendered":"<div readability=\"32\">\n<p>Auteur : <span class=\"time\">vendredi 24 mai 2019 19:48<\/span><\/p>\n<\/div>\n<div id=\"post_core\" readability=\"37\">\n<p>Tahrat et ses co\u00e9quipiers avaient ouvert le score gr\u00e2ce \u00e0 Yannick Gomis d\u00e8s la 3e minute, avant que Pel\u00e9 n\u2019\u00e9galise \u00e0 la 44e minute. C\u2019est Simon Banza qui va d\u00e9livrer le club nordiste avec une super t\u00eate plongeante \u00e0 la 108e minute comme l&rsquo;indique Sport24. L\u2019adversaire des Lensois sera connu \u00e0 l\u2019issue de la 38e journ\u00e9e de Ligue 1 fran\u00e7aise, qui se d\u00e9roule ce vendredi soir. A noter que Mesloub a v\u00e9cu cette rencontre depuis le banc des rempla\u00e7ants.<\/p>\n<p><strong>Publi\u00e9 dans :<\/strong> <span>Tahrat<\/span><\/p>\n<\/div>\n<p>Auteur:<br \/>\n<a href=\"http:\/\/www.lebuteur.com\/article\/detail?titre=lens-tahrat-et-mesloub-joueront-leur-accession-face-a-un-club-de-ligue-1&#038;id=89083&#038;utm_source=feedburner&#038;utm_medium=feed&#038;utm_campaign=Feed%3A+GalerieFArtciles+%28Les+derniers+articles++-+lebuteur.com%29\">Cliquez ici pour lire l&rsquo;article depuis sa source.<\/a><\/p>\n","protected":false},"excerpt":{"rendered":"<p>Auteur : vendredi 24 mai 2019 19:48 Tahrat et ses co\u00e9quipiers avaient ouvert le score gr\u00e2ce \u00e0 Yannick Gomis d\u00e8s la 3e minute, avant que Pel\u00e9 n\u2019\u00e9galise \u00e0 la 44e minute. C\u2019est Simon Banza qui va d\u00e9livrer le club nordiste avec une super t\u00eate plongeante \u00e0 la 108e minute comme l&rsquo;indique Sport24. L\u2019adversaire des Lensois [&hellip;]<\/p>\n","protected":false},"author":1738,"featured_media":36381,"comment_status":"closed","ping_status":"closed","sticky":false,"template":"","format":"standard","meta":{"fifu_image_url":"","fifu_image_alt":"","footnotes":""},"categories":[53,75],"tags":[],"class_list":["post-36380","post","type-post","status-publish","format-standard","has-post-thumbnail","hentry","category-algerie","category-sport"],"_links":{"self":[{"href":"https:\/\/linitiative.ca\/International\/wp-json\/wp\/v2\/posts\/36380","targetHints":{"allow":["GET"]}}],"collection":[{"href":"https:\/\/linitiative.ca\/International\/wp-json\/wp\/v2\/posts"}],"about":[{"href":"https:\/\/linitiative.ca\/International\/wp-json\/wp\/v2\/types\/post"}],"author":[{"embeddable":true,"href":"https:\/\/linitiative.ca\/International\/wp-json\/wp\/v2\/users\/1738"}],"replies":[{"embeddable":true,"href":"https:\/\/linitiative.ca\/International\/wp-json\/wp\/v2\/comments?post=36380"}],"version-history":[{"count":0,"href":"https:\/\/linitiative.ca\/International\/wp-json\/wp\/v2\/posts\/36380\/revisions"}],"wp:featuredmedia":[{"embeddable":true,"href":"https:\/\/linitiative.ca\/International\/wp-json\/"}],"wp:attachment":[{"href":"https:\/\/linitiative.ca\/International\/wp-json\/wp\/v2\/media?parent=36380"}],"wp:term":[{"taxonomy":"category","embeddable":true,"href":"https:\/\/linitiative.ca\/International\/wp-json\/wp\/v2\/categories?post=36380"},{"taxonomy":"post_tag","embeddable":true,"href":"https:\/\/linitiative.ca\/International\/wp-json\/wp\/v2\/tags?post=36380"}],"curies":[{"name":"wp","href":"https:\/\/api.w.org\/{rel}","templated":true}]}}