{"id":36388,"date":"2019-05-24T15:19:14","date_gmt":"2019-05-24T19:19:14","guid":{"rendered":"https:\/\/linitiative.ca\/International\/lutte-antiterroriste-un-element-de-soutien-arrete-a-tlemcen\/"},"modified":"2019-05-24T15:19:14","modified_gmt":"2019-05-24T19:19:14","slug":"lutte-antiterroriste-un-element-de-soutien-arrete-a-tlemcen","status":"publish","type":"post","link":"https:\/\/linitiative.ca\/International\/lutte-antiterroriste-un-element-de-soutien-arrete-a-tlemcen\/","title":{"rendered":"lutte antiterroriste :  Un \u00e9l\u00e9ment de soutien  arr\u00eat\u00e9 \u00e0 Tlemcen"},"content":{"rendered":"<p>Un d\u00e9tachement de l\u2019Arm\u00e9e\u00a0 \u00a0nationale populaire a arr\u00eat\u00e9, le 22 mai \u00e0 Tlemcen (2e R\u00e9gion militaire), un \u00e9l\u00e9ment de soutien aux groupes terroristes.\u00a0 Par ailleurs,\u00a0 \u00a0des d\u00e9tachements de l\u2019ANP et des \u00e9l\u00e9ments de la Gendarmerie nationale ont intercept\u00e9, lors d\u2019op\u00e9rations distinctes, un narcotrafiquant \u00e0 bord d\u2019un v\u00e9hicule charg\u00e9 de 26,7 kilos de kif trait\u00e9 \u00e0 A\u00efn Defla (1eRM), et\u00a0 \u00a0ont arr\u00eat\u00e9 deux autres narcotrafiquants en possession de 410 comprim\u00e9s psychotropes \u00e0 Tlemcen (2e RM) et deux\u00a0 contrebandiers en possession de 730 paquets\u00a0 \u00a0de cigarettes \u00e0 In Amenas (4e RM)\u00a0\u00bb.\u00a0 A Bordj Badji Mokhtar (6e RM), un d\u00e9tachement de l\u2019ANP a saisi\u00a0 \u00a0huit\u00a0 marteaux\u00a0 \u00a0piqueurs et sept groupes \u00e9lectrog\u00e8nes, alors que d\u2019autres d\u00e9tachements\u00a0 \u00a0et\u00a0 \u00a0des \u00e9l\u00e9ments de la Gendarmerie nationale \u00ab\u00a0ont arr\u00eat\u00e9, \u00e0 Khenchela et Oum El Bouaghi (5e RM),\u00a0 \u00a0sept\u00a0 individus et saisi un fusil de chasse et 9.220 cartouches\u00a0\u00bb.\u00a0 D&rsquo;autre part, des Garde-c\u00f4tes et des \u00e9l\u00e9ments de la\u00a0 \u00a0Gendarmerie nationale\u00a0 \u00a0ont d\u00e9jou\u00e9 \u00e0 Oran (2e RM), Annaba et El Kala (5e RM), des tentatives\u00a0 \u00a0d&rsquo;\u00e9migration\u00a0 \u00a0clandestine de 37 personnes et 20 immigrants clandestins ont \u00e9t\u00e9 intercept\u00e9s \u00e0 Tiaret.<\/p>\n<p>Un\u00a0 d\u00e9tachement combin\u00e9 de l\u2019ANP a captur\u00e9, le 23 mai \u00e0 Tamanrasset\/6e RM, le terroriste \u2018\u2018D. Settar\u2019\u2019 qui avait ralli\u00e9 les\u00a0 \u00a0groupes terroristes en 2012.<\/p>\n<p><strong>11 abris d\u00e9truits \u00e0 A\u00efn Defla\u00a0<\/strong><\/p>\n<p>Un\u00a0 d\u00e9tachement de l\u2019Arm\u00e9e nationale populaire a d\u00e9truit, le 23 mai\u00a0 \u00e0 Ain Defla\/1\u00e8re RM, onze\u00a0 abris pour terroristes, contenant quatre\u00a0 grenades et divers\u00a0 \u00a0objets.\u00a0 Par ailleurs, des d\u00e9tachements de l\u2019ANP ont mis en \u00e9chec des tentatives de contrebande de 5.941 litres de carburant et saisi un v\u00e9hicule \u00e0 T\u00e9bessa, El-Taref et Souk-Ahras\/5e RM, tandis que 35,5 kilos de kif trait\u00e9 ont \u00e9t\u00e9 intercept\u00e9s par des Garde-c\u00f4tes \u00e0 Tlemcen\/2e RM\u00a0\u00bb.\u00a0 Dans le m\u00eame contexte, des \u00e9l\u00e9ments de la Gendarmerie nationale \u00ab\u00a0ont\u00a0 \u00a0saisi, \u00e0 Tiaret\/2e RM et T\u00e9bessa\/5e RM, un fusil de chasse et 4.075 cartouches.\u00a0 Par ailleurs, des \u00e9l\u00e9ments des Garde-c\u00f4tes \u00ab\u00a0ont d\u00e9jou\u00e9 des tentatives\u00a0 \u00a0d\u2019\u00e9migration clandestine de 34 personnes \u00e0 Annaba et Skikda\/5e\u00a0 RM, alors que des \u00e9l\u00e9ments de la Gendarmerie\u00a0 \u00a0nationale et des Garde-fronti\u00e8res ont arr\u00eat\u00e9, \u00e0 Tiaret et Tlemcen\/2e RM, 12\u00a0 immigrants clandestins.\u00a0<\/p>\n<p>Auteur: elmoudjahid<br \/>\n<a href=\"http:\/\/www.elmoudjahid.com\/fr\/actualites\/137251\">Cliquez ici pour lire l&rsquo;article depuis sa source.<\/a><\/p>\n","protected":false},"excerpt":{"rendered":"<p>Un d\u00e9tachement de l\u2019Arm\u00e9e\u00a0 \u00a0nationale populaire a arr\u00eat\u00e9, le 22 mai \u00e0 Tlemcen (2e R\u00e9gion militaire), un \u00e9l\u00e9ment de soutien aux groupes terroristes.\u00a0 Par ailleurs,\u00a0 \u00a0des d\u00e9tachements de l\u2019ANP et des \u00e9l\u00e9ments de la Gendarmerie nationale ont intercept\u00e9, lors d\u2019op\u00e9rations distinctes, un narcotrafiquant \u00e0 bord d\u2019un v\u00e9hicule charg\u00e9 de 26,7 kilos de kif trait\u00e9 \u00e0 [&hellip;]<\/p>\n","protected":false},"author":1744,"featured_media":0,"comment_status":"closed","ping_status":"closed","sticky":false,"template":"","format":"standard","meta":{"fifu_image_url":"","fifu_image_alt":"","footnotes":""},"categories":[73,53],"tags":[],"class_list":["post-36388","post","type-post","status-publish","format-standard","hentry","category-actualite","category-algerie"],"_links":{"self":[{"href":"https:\/\/linitiative.ca\/International\/wp-json\/wp\/v2\/posts\/36388","targetHints":{"allow":["GET"]}}],"collection":[{"href":"https:\/\/linitiative.ca\/International\/wp-json\/wp\/v2\/posts"}],"about":[{"href":"https:\/\/linitiative.ca\/International\/wp-json\/wp\/v2\/types\/post"}],"author":[{"embeddable":true,"href":"https:\/\/linitiative.ca\/International\/wp-json\/wp\/v2\/users\/1744"}],"replies":[{"embeddable":true,"href":"https:\/\/linitiative.ca\/International\/wp-json\/wp\/v2\/comments?post=36388"}],"version-history":[{"count":0,"href":"https:\/\/linitiative.ca\/International\/wp-json\/wp\/v2\/posts\/36388\/revisions"}],"wp:attachment":[{"href":"https:\/\/linitiative.ca\/International\/wp-json\/wp\/v2\/media?parent=36388"}],"wp:term":[{"taxonomy":"category","embeddable":true,"href":"https:\/\/linitiative.ca\/International\/wp-json\/wp\/v2\/categories?post=36388"},{"taxonomy":"post_tag","embeddable":true,"href":"https:\/\/linitiative.ca\/International\/wp-json\/wp\/v2\/tags?post=36388"}],"curies":[{"name":"wp","href":"https:\/\/api.w.org\/{rel}","templated":true}]}}