{"id":36395,"date":"2019-05-24T13:33:00","date_gmt":"2019-05-24T17:33:00","guid":{"rendered":"https:\/\/linitiative.ca\/International\/14e-vendredi-du-mouvement-populaire-la-rue-ne-faiblit-pas\/"},"modified":"2019-05-24T13:33:00","modified_gmt":"2019-05-24T17:33:00","slug":"14e-vendredi-du-mouvement-populaire-la-rue-ne-faiblit-pas","status":"publish","type":"post","link":"https:\/\/linitiative.ca\/International\/14e-vendredi-du-mouvement-populaire-la-rue-ne-faiblit-pas\/","title":{"rendered":"14E VENDREDI DU MOUVEMENT POPULAIRE : La rue ne faiblit pas !"},"content":{"rendered":"<p><br id=\"sep_para_1\" class=\"sep_para access\"\/><\/p>\n<div id=\"para_1\" class=\"para_31247239 resize\">\n<div class=\"photo shadow left\"><a href=\"javascript:void(0)\" rel=\"https:\/\/www.reflexiondz.net\/photo\/art\/grande\/34078803-31247239.jpg?v=1558724594&#038;ibox\" title=\"14E VENDREDI DU MOUVEMENT POPULAIRE : La rue ne faiblit pas !\"><img decoding=\"async\" class=\"responsive c9\" src=\"https:\/\/www.reflexiondz.net\/photo\/art\/grande\/34078803-31247239.jpg?v=1558724594\" alt=\"14E VENDREDI DU MOUVEMENT POPULAIRE : La rue ne faiblit pas !\" title=\"14E VENDREDI DU MOUVEMENT POPULAIRE : La rue ne faiblit pas !\"\/><img decoding=\"async\" class=\"not-responsive\" src=\"https:\/\/www.reflexiondz.net\/photo\/art\/default\/34078803-31247239.jpg?v=1558724596\" alt=\"14E VENDREDI DU MOUVEMENT POPULAIRE : La rue ne faiblit pas !\" title=\"14E VENDREDI DU MOUVEMENT POPULAIRE : La rue ne faiblit pas !\"\/><\/a><\/div>\n<div class=\"texte access firstletter\">\u00c0 Alger, Bordj Bou Arreridj, Beja\u00efa, Annaba, Oran, comme dans les wilayas du sud, les Alg\u00e9riens sont descendus dans les rues pour revendiquer un changement du syst\u00e8me. Trois mois apr\u00e8s son d\u00e9but, le mouvement ne s\u2019essouffle pas. Les revendications des manifestants continuent d\u2019\u00e9voluer en fonction des progr\u00e8s r\u00e9alis\u00e9s par leur mouvement et aux positions et propositions des tenants du pouvoir. Apr\u00e8s \u00eatre sortis pour emp\u00eacher, avec succ\u00e8s, le cinqui\u00e8me mandat de Bouteflika, apr\u00e8s avoir r\u00e9clam\u00e9 pendant plusieurs semaines le d\u00e9part des figures du syst\u00e8me, les manifestants pacifiques se focalisent depuis au moins quatre semaines sur le rejet de l\u2019\u00e9lection pr\u00e9sidentielle qui doit se tenir le 4 juillet, sous la pr\u00e9sidence de Bensalah et le gouvernement Bedoui, tous deux largement rejet\u00e9s et d\u00e9nonc\u00e9s par les Alg\u00e9riens. \u00ab Truqu\u00e9 d\u2019avance \u00bb, ont affirm\u00e9 nombre de manifestants \u00e0 propos de ce scrutin, lors des pr\u00e9c\u00e9dentes marches pendant lesquelles les slogans, pancartes et banderoles d\u00e9non\u00e7ant l\u2019insistance du pouvoir \u00e0 organiser, co\u00fbte que co\u00fbte, ces \u00e9lections, ont \u00e9t\u00e9 les plus nombreux. \u00ab Makech intikhabate ma\u00e2 l\u2019\u00eessabate ! \u00bb (pas d\u2019\u00e9lections avec les bandes), ont longuement scand\u00e9 les tr\u00e8s nombreux manifestants \u00e0 Alger et dans d\u2019autres villes. Ce vendredi, les manifestants ont r\u00e9agi \u00e9galement au dernier discours du chef d\u2019\u00e9tat-major Ahmed Gaid Salah qui avait mis en garde contre le \u00ab d\u00e9gagisme \u00bb sans concession qui impr\u00e8gne le mouvement et qui est la revendication principale des Alg\u00e9riens. Un \u00ab non \u00bb franc et massif a \u00e9t\u00e9 clairement exprim\u00e9 de la part des manifestants qui ont \u00e9t\u00e9 clairs jusque-l\u00e0 : \u00ab Pas d\u2019\u00e9lections sous Bedoui et Bensalah \u00bb. Le d\u00e9part de ces deux figures du syst\u00e8me Bouteflika est devenu, par la force des choses, le seuil minimal de revendications \u00e0 satisfaire pour esp\u00e9rer voir les citoyens accepter le scrutin.<\/div>\n<\/div>\n<p>Auteur: Ismain<br \/>\n<a href=\"https:\/\/www.reflexiondz.net\/14E-VENDREDI-DU-MOUVEMENT-POPULAIRE-La-rue-ne-faiblit-pas-_a55976.html\">Cliquez ici pour lire l&rsquo;article depuis sa source.<\/a><\/p>\n","protected":false},"excerpt":{"rendered":"<p>\u00c0 Alger, Bordj Bou Arreridj, Beja\u00efa, Annaba, Oran, comme dans les wilayas du sud, les Alg\u00e9riens sont descendus dans les rues pour revendiquer un changement du syst\u00e8me. Trois mois apr\u00e8s son d\u00e9but, le mouvement ne s\u2019essouffle pas. Les revendications des manifestants continuent d\u2019\u00e9voluer en fonction des progr\u00e8s r\u00e9alis\u00e9s par leur mouvement et aux positions et [&hellip;]<\/p>\n","protected":false},"author":1740,"featured_media":0,"comment_status":"closed","ping_status":"closed","sticky":false,"template":"","format":"standard","meta":{"fifu_image_url":"","fifu_image_alt":"","footnotes":""},"categories":[53,76],"tags":[],"class_list":["post-36395","post","type-post","status-publish","format-standard","hentry","category-algerie","category-regions"],"_links":{"self":[{"href":"https:\/\/linitiative.ca\/International\/wp-json\/wp\/v2\/posts\/36395","targetHints":{"allow":["GET"]}}],"collection":[{"href":"https:\/\/linitiative.ca\/International\/wp-json\/wp\/v2\/posts"}],"about":[{"href":"https:\/\/linitiative.ca\/International\/wp-json\/wp\/v2\/types\/post"}],"author":[{"embeddable":true,"href":"https:\/\/linitiative.ca\/International\/wp-json\/wp\/v2\/users\/1740"}],"replies":[{"embeddable":true,"href":"https:\/\/linitiative.ca\/International\/wp-json\/wp\/v2\/comments?post=36395"}],"version-history":[{"count":0,"href":"https:\/\/linitiative.ca\/International\/wp-json\/wp\/v2\/posts\/36395\/revisions"}],"wp:attachment":[{"href":"https:\/\/linitiative.ca\/International\/wp-json\/wp\/v2\/media?parent=36395"}],"wp:term":[{"taxonomy":"category","embeddable":true,"href":"https:\/\/linitiative.ca\/International\/wp-json\/wp\/v2\/categories?post=36395"},{"taxonomy":"post_tag","embeddable":true,"href":"https:\/\/linitiative.ca\/International\/wp-json\/wp\/v2\/tags?post=36395"}],"curies":[{"name":"wp","href":"https:\/\/api.w.org\/{rel}","templated":true}]}}