{"id":36404,"date":"2019-05-24T13:48:00","date_gmt":"2019-05-24T17:48:00","guid":{"rendered":"https:\/\/linitiative.ca\/International\/election-presidentielle-les-noms-des-77-candidats-a-la-candidature-devoiles\/"},"modified":"2019-05-24T13:48:00","modified_gmt":"2019-05-24T17:48:00","slug":"election-presidentielle-les-noms-des-77-candidats-a-la-candidature-devoiles","status":"publish","type":"post","link":"https:\/\/linitiative.ca\/International\/election-presidentielle-les-noms-des-77-candidats-a-la-candidature-devoiles\/","title":{"rendered":"ELECTION PRESIDENTIELLE : Les noms des 77 candidats \u00e0 la candidature d\u00e9voil\u00e9s"},"content":{"rendered":"<p><br id=\"sep_para_1\" class=\"sep_para access\"\/><\/p>\n<div id=\"para_1\" class=\"para_31247304 resize\">\n<div class=\"texte access firstletter\">La liste des candidats (document ci-dessous) \u00e0 la candidature pour l&rsquo;\u00e9lection pr\u00e9sidentielle vient d&rsquo;\u00eatre d\u00e9voil\u00e9e par le minist\u00e8re de l&rsquo;int\u00e9rieur \u00e0 l&rsquo;occasion d&rsquo;un point de situation de retrait des formulaires \u00e9tablie jusqu&rsquo;\u00e0 la date du 22 mai. En effet, les noms des 77 candidats ont \u00e9t\u00e9 rendus publics par le minist\u00e8re de l&rsquo;int\u00e9rieur desquels ressort que seulement trois partis ont retir\u00e9 les formulaires de candidatures. Il s&rsquo;agit des responsables de l&rsquo;Alliance Nationale R\u00e9publicaine (ANR), le Front El-Moustaqbel et le Front Alg\u00e9rien pour le D\u00e9veloppement, la Libert\u00e9 et l&rsquo;Egalit\u00e9 (FADLE). Le reste des candidats, \u00e0 savoir, 74 sont des ind\u00e9pendants inconnus dont trois femmes. A noter que le d\u00e9lai pour le d\u00e9p\u00f4t de la d\u00e9claration de candidature \u00e0 la pr\u00e9sidence de la R\u00e9publique aupr\u00e8s du Conseil constitutionnel, en pr\u00e9vision de l&rsquo;\u00e9lection pr\u00e9sidentielle du 4 juillet prochain, prend fin samedi \u00e0 minuit, conform\u00e9ment \u00e0 l&rsquo;article 140 de la loi organique portant r\u00e9gime \u00e9lectoral. Pour que son dossier soit valid\u00e9 par le Conseil constitutionnel, le postulant \u00e0 la candidature doit pr\u00e9senter soit une liste de 600 signatures individuelles d&rsquo;\u00e9lus d&rsquo;Assembl\u00e9es populaires locales ou parlementaires, r\u00e9parties au moins \u00e0 travers 25 wilayas, soit une liste de 60.000 signatures individuelles, au moins, d&rsquo;\u00e9lecteurs, recueillies \u00e0 travers, au moins, 25 wilayas, avec un nombre minimal de signatures exig\u00e9es pour chacune des wilayas qui ne saurait \u00eatre inf\u00e9rieur \u00e0 1.500.\u00a0\u00a0\u00a0\u00a0<\/div>\n<\/div>\n<p>Auteur: Nadine<br \/>\n<a href=\"https:\/\/www.reflexiondz.net\/ELECTION-PRESIDENTIELLE-Les-noms-des-77-candidats-a-la-candidature-devoiles_a55979.html\">Cliquez ici pour lire l&rsquo;article depuis sa source.<\/a><\/p>\n","protected":false},"excerpt":{"rendered":"<p>La liste des candidats (document ci-dessous) \u00e0 la candidature pour l&rsquo;\u00e9lection pr\u00e9sidentielle vient d&rsquo;\u00eatre d\u00e9voil\u00e9e par le minist\u00e8re de l&rsquo;int\u00e9rieur \u00e0 l&rsquo;occasion d&rsquo;un point de situation de retrait des formulaires \u00e9tablie jusqu&rsquo;\u00e0 la date du 22 mai. En effet, les noms des 77 candidats ont \u00e9t\u00e9 rendus publics par le minist\u00e8re de l&rsquo;int\u00e9rieur desquels ressort [&hellip;]<\/p>\n","protected":false},"author":1740,"featured_media":0,"comment_status":"closed","ping_status":"closed","sticky":false,"template":"","format":"standard","meta":{"fifu_image_url":"","fifu_image_alt":"","footnotes":""},"categories":[53,76],"tags":[],"class_list":["post-36404","post","type-post","status-publish","format-standard","hentry","category-algerie","category-regions"],"_links":{"self":[{"href":"https:\/\/linitiative.ca\/International\/wp-json\/wp\/v2\/posts\/36404","targetHints":{"allow":["GET"]}}],"collection":[{"href":"https:\/\/linitiative.ca\/International\/wp-json\/wp\/v2\/posts"}],"about":[{"href":"https:\/\/linitiative.ca\/International\/wp-json\/wp\/v2\/types\/post"}],"author":[{"embeddable":true,"href":"https:\/\/linitiative.ca\/International\/wp-json\/wp\/v2\/users\/1740"}],"replies":[{"embeddable":true,"href":"https:\/\/linitiative.ca\/International\/wp-json\/wp\/v2\/comments?post=36404"}],"version-history":[{"count":0,"href":"https:\/\/linitiative.ca\/International\/wp-json\/wp\/v2\/posts\/36404\/revisions"}],"wp:attachment":[{"href":"https:\/\/linitiative.ca\/International\/wp-json\/wp\/v2\/media?parent=36404"}],"wp:term":[{"taxonomy":"category","embeddable":true,"href":"https:\/\/linitiative.ca\/International\/wp-json\/wp\/v2\/categories?post=36404"},{"taxonomy":"post_tag","embeddable":true,"href":"https:\/\/linitiative.ca\/International\/wp-json\/wp\/v2\/tags?post=36404"}],"curies":[{"name":"wp","href":"https:\/\/api.w.org\/{rel}","templated":true}]}}