{"id":36405,"date":"2019-05-24T04:01:50","date_gmt":"2019-05-24T08:01:50","guid":{"rendered":"https:\/\/linitiative.ca\/International\/scrutin-presidentiel-rejet-populaire\/"},"modified":"2019-05-24T04:01:50","modified_gmt":"2019-05-24T08:01:50","slug":"scrutin-presidentiel-rejet-populaire","status":"publish","type":"post","link":"https:\/\/linitiative.ca\/International\/scrutin-presidentiel-rejet-populaire\/","title":{"rendered":"Scrutin pr\u00e9sidentiel : \u00abRejet populaire\u00bb"},"content":{"rendered":"<h4 class=\"title-14\"\/>\n<p class=\"p3\"><span class=\"s2\">Le d\u00e9lai de d\u00e9p\u00f4t de la d\u00e9claration de candidature \u00e0 la pr\u00e9sidence de la R\u00e9publique aupr\u00e8s du Conseil constitutionne en pr\u00e9vision de l\u2019\u00e9lection du 4 juillet prochain prend fin demain \u00e0 minuit.<\/span><\/p>\n<p class=\"p3\"><span class=\"s2\">Conform\u00e9ment \u00e0 l\u2019article 140 de la loi organique portant r\u00e9gime \u00e9lectoral. A ce jour, un total de 77 lettres d\u2019intention, dont trois de chefs de partis politiques \u2013 l\u2019Alliance nationale r\u00e9publicaine (ANR), le Front El Moustakbel (FM) et le Front alg\u00e9rien pour le d\u00e9veloppement, libert\u00e9 et \u00e9quit\u00e9 (FADLE) \u2013 ont \u00e9t\u00e9 d\u00e9pos\u00e9es par les postulants \u00e0 la candidature \u00e0 l\u2019\u00e9lection pr\u00e9sidentielle du 4\u00a0juillet prochain.<\/span><\/p>\n<p class=\"p3\"><span class=\"s2\">C\u2019est ce qu\u2019a indiqu\u00e9 le dernier bilan \u00e9tabli par le minist\u00e8re de l\u2019Int\u00e9rieur, des Collectivit\u00e9s locales et de l\u2019Am\u00e9nagement du territoire. <em>\u00abLe d\u00e9p\u00f4t des candidatures ne changera rien \u00e0 notre position. On refuse la tenue de cette \u00e9lection le 4 juillet\u00bb<\/em>, soutient Yasmine, une \u00e9tudiante de 25 ans. Pourtant, certains s\u2019obstinent et veulent aller vers une \u00e9lection, quand bien m\u00eame celle-ci est rejet\u00e9e massivement.<\/span><\/p>\n<p class=\"p3\"><span class=\"s2\">Pour l\u2019heure, le minist\u00e8re de l\u2019Int\u00e9rieur pr\u00e9cise que <em>\u00ables concern\u00e9s ont pu b\u00e9n\u00e9ficier des quotas de formulaires de souscription, en application des dispositions l\u00e9gales en vigueur\u00bb<\/em>. La m\u00eame source<span class=\"Apple-converted-space\">\u00a0<\/span> rel\u00e8ve que <em>\u00abl\u2019op\u00e9ration se d\u00e9roule dans de bonnes conditions\u00bb.<\/em><\/span><\/p>\n<p class=\"p3\"><span class=\"s2\">Il \u00e9tait pr\u00e9vu que les directions de l\u2019Alliance nationale r\u00e9publicaine que dirige Belkacem Sahli, et du Front El Moustakbel que pr\u00e9side Abdelaziz Bela\u00efd, se r\u00e9unissent hier pour trancher quant \u00e0 leur participation \u00e0 l\u2019\u00e9lection pr\u00e9sidentielle. A l\u2019heure o\u00f9 nous mettons sous presse, aucun des deux partis ne s\u2019est prononc\u00e9 sur la question.<\/span><\/p>\n<p class=\"p3\"><strong>Ent\u00eatement<\/strong><\/p>\n<p class=\"p3\"><span class=\"s2\">Les aspirations du peuple semblent donc rel\u00e9gu\u00e9es au second plan. Selon Mahrez Bouich, enseignant chercheur en philosophie politique \u00e0 l\u2019universit\u00e9 Abderrahmane Mira de B\u00e9ja\u00efa, ceux qui maintiennent l\u2019offre de l\u2019\u00e9lection pr\u00e9sidentielle du 4 juillet sont dans une contre-r\u00e9volution\u00a0: <em>\u00abIls sont dans une logique de fuite en avant. Ils cherchent \u00e0 d\u00e9fier le peuple et m\u00e9priser sa volont\u00e9.\u00bb<\/em><\/span><\/p>\n<p class=\"p3\"><span class=\"s2\">Pour le chercheur, ces derniers ont contourn\u00e9 les souhaits, esp\u00e9rances et des revendications l\u00e9gitimes que porte le peuple depuis le 16 f\u00e9vrier. Pour sa part, Meziane Meriane, coordinateur national du Snapest, estime que seule une transition pourrait mettre fin \u00e0 la crise actuelle. Aujourd\u2019hui, il y a un foss\u00e9 entre les aspirations du peuple et l\u2019ent\u00eatement du pouvoir central qui tient en la tenue de l\u2019\u00e9lection dans les plus brefs d\u00e9lais.<\/span><\/p>\n<p class=\"p3\"><span class=\"s2\">Selon Meziane Meriane, dans l\u2019id\u00e9al, un trio d\u00e9sign\u00e9 lors d\u2019une conf\u00e9rence menera la transition et se chargera d\u2019organiser l\u2019\u00e9lection. Mais rien n\u2019est encore gagn\u00e9\u2026 D\u2019apr\u00e8s l\u2019analyse de Mahrez Bouich, il est tout \u00e0 fait clair que ceux qui d\u00e9fendent aujourd\u2019hui l\u2019organisation de l\u2019\u00e9lection pr\u00e9sidentielle du 4 juillet, en favorisant la soi-disant voie constitutionnelle, ont tout faux et ce, pour diverses raisons.<\/span><\/p>\n<p class=\"p3\"><span class=\"s2\">La premi\u00e8re est le refus cat\u00e9gorique du peuple au scrutin<span class=\"Apple-converted-space\">\u00a0<\/span> du18 avril, report\u00e9 sous la pression de la rue par l\u2019ex-pr\u00e9sident d\u00e9missionnaire, mais \u00e9galement l\u2019\u00e9lection pr\u00e9sidentielle pr\u00e9vue le 4 juillet. La seconde, selon le chercheur, est le \u00abd\u00e9gagisme\u00bb souhait\u00e9 et revendiqu\u00e9 par le peuple qui rejette le syst\u00e8me,ses symboles, ses repr\u00e9sentants et toutes les solutions qui \u00e9manent de lui, y compris l\u2019\u00e9lection.<\/span><\/p>\n<p class=\"p3\"><span class=\"s2\">La troisi\u00e8me : les conditions politiques, organisationnelles, institutionnelles et autres qui caract\u00e9risent le pays depuis l\u2019enclenchement de la r\u00e9volution pacifique en marche ne sont pas favorables pour la tenue des \u00e9lections. Finalement, <em>\u00abl\u2019ent\u00eatement des nouveaux d\u00e9cideurs de maintenir la dite \u00e9lection ouvre les portes \u00e0 tous les d\u00e9rapages et dangers\u00bb<\/em>, pr\u00e9vient Mahrez Bouich.<\/span><\/p>\n<p class=\"p3\"><span class=\"s2\">D\u2019ailleurs, la r\u00e9ponse des \u00e9tudiants au discours tenu lundi par Ahmed Ga\u00efd Salah \u00e0 Ouargla ne s\u2019est fait attendre. Le slogan principal de la marche de mardi dernier \u00e9tait \u00abMakanch intikhabat ya l3isabat\u00bb autrement dit \u00abpas d\u2019\u00e9lection avec le gang\u00bb. Tous les signaux laissent penser que la marche d\u2019aujourd\u2019hui sera encore plus spectaculaire que la pr\u00e9c\u00e9dente.\u00a0<\/span><\/p>\n<div class=\"yuzo_related_post style-1\" data-version=\"5.12.88\">\n<p><h3>Related Post<\/h3>\n<\/p>\n<div class=\"yuzo_wraps\">\n<div class=\"relatedthumb relatedpost-559649 c11\"><a href=\"https:\/\/www.elwatan.com\/edition\/actualite\/election-presidentielle-2019-pas-de-candidat-unique-pour-lopposition-21-02-2019\"\/><\/p>\n<p><span class=\"yuzo__text--title c10\">Election pr\u00e9sidentielle 2019 :\u00a0Pas de candidat uni&#8230;<\/span><\/div>\n<div class=\"relatedthumb relatedpost-230412 c11\"><a href=\"https:\/\/www.elwatan.com\/regions\/centre\/alger\/mises-a-la-rue-par-la-force-publique-des-retraitees-de-lepic-presco-lancent-un-appel-de-detresse-03-12-2018\"\/><\/p>\n<p><span class=\"yuzo__text--title c10\">Mises \u00e0 la rue par la force publique : Des retrait&#8230;<\/span><\/div>\n<div class=\"relatedthumb relatedpost-571054 c11\"><a href=\"https:\/\/www.elwatan.com\/edition\/international\/programme-nucleaire-nord-coreen-pyongyang-accuse-john-bolton-de-faire-des-remarques-stupides-21-04-2019\"\/><\/p>\n<p><span class=\"yuzo__text--title c10\">Programme nucl\u00e9aire nord-cor\u00e9en : Pyongyang accuse&#8230;<\/span><\/div>\n<div class=\"relatedthumb relatedpost-330263 c11\"><a href=\"https:\/\/www.elwatan.com\/regions\/kabylie\/tizi-ouzou\/bouzeguene-les-chantiers-hydrauliques-a-la-traine-15-12-2018\"\/><\/p>\n<p><span class=\"yuzo__text--title c10\">Bouzegu\u00e8ne : Les chantiers hydrauliques \u00e0 la tra\u00een&#8230;<\/span><\/div>\n<\/div>\n<\/div>\n<p><span class=\"post-views-label\">Post Views:<\/span> <span class=\"post-views-count\">1\u00a0118<\/span><\/p>\n<p>Auteur: Anis Khecheba<br \/>\n<a href=\"https:\/\/www.elwatan.com\/edition\/actualite\/scrutin-presidentiel-rejet-populaire-24-05-2019\">Cliquez ici pour lire l&rsquo;article depuis sa source.<\/a><\/p>\n","protected":false},"excerpt":{"rendered":"<p>Le d\u00e9lai de d\u00e9p\u00f4t de la d\u00e9claration de candidature \u00e0 la pr\u00e9sidence de la R\u00e9publique aupr\u00e8s du Conseil constitutionne en pr\u00e9vision de l\u2019\u00e9lection du 4 juillet prochain prend fin demain \u00e0 minuit. Conform\u00e9ment \u00e0 l\u2019article 140 de la loi organique portant r\u00e9gime \u00e9lectoral. A ce jour, un total de 77 lettres d\u2019intention, dont trois de [&hellip;]<\/p>\n","protected":false},"author":1743,"featured_media":0,"comment_status":"closed","ping_status":"closed","sticky":false,"template":"","format":"standard","meta":{"fifu_image_url":"","fifu_image_alt":"","footnotes":""},"categories":[73,53],"tags":[],"class_list":["post-36405","post","type-post","status-publish","format-standard","hentry","category-actualite","category-algerie"],"_links":{"self":[{"href":"https:\/\/linitiative.ca\/International\/wp-json\/wp\/v2\/posts\/36405","targetHints":{"allow":["GET"]}}],"collection":[{"href":"https:\/\/linitiative.ca\/International\/wp-json\/wp\/v2\/posts"}],"about":[{"href":"https:\/\/linitiative.ca\/International\/wp-json\/wp\/v2\/types\/post"}],"author":[{"embeddable":true,"href":"https:\/\/linitiative.ca\/International\/wp-json\/wp\/v2\/users\/1743"}],"replies":[{"embeddable":true,"href":"https:\/\/linitiative.ca\/International\/wp-json\/wp\/v2\/comments?post=36405"}],"version-history":[{"count":0,"href":"https:\/\/linitiative.ca\/International\/wp-json\/wp\/v2\/posts\/36405\/revisions"}],"wp:attachment":[{"href":"https:\/\/linitiative.ca\/International\/wp-json\/wp\/v2\/media?parent=36405"}],"wp:term":[{"taxonomy":"category","embeddable":true,"href":"https:\/\/linitiative.ca\/International\/wp-json\/wp\/v2\/categories?post=36405"},{"taxonomy":"post_tag","embeddable":true,"href":"https:\/\/linitiative.ca\/International\/wp-json\/wp\/v2\/tags?post=36405"}],"curies":[{"name":"wp","href":"https:\/\/api.w.org\/{rel}","templated":true}]}}