{"id":36406,"date":"2019-05-24T04:01:50","date_gmt":"2019-05-24T08:01:50","guid":{"rendered":"https:\/\/linitiative.ca\/International\/skikda-13-harraga-interceptes-a-oued-bibi\/"},"modified":"2019-05-24T04:01:50","modified_gmt":"2019-05-24T08:01:50","slug":"skikda-13-harraga-interceptes-a-oued-bibi","status":"publish","type":"post","link":"https:\/\/linitiative.ca\/International\/skikda-13-harraga-interceptes-a-oued-bibi\/","title":{"rendered":"Skikda : 13 harraga intercept\u00e9s \u00e0 Oued Bibi"},"content":{"rendered":"<h4 class=\"title-14\"\/>\n<p class=\"p3\"><span class=\"s2\">Dans la matin\u00e9e d\u2019hier, 13\u00a0candidats \u00e0 l\u2019\u00e9migration clandestine ont \u00e9t\u00e9 intercept\u00e9s \u00e0 Oued Bibi, \u00e0 l\u2019ouest de Skikda, par des unit\u00e9s du groupement territorial des garde-c\u00f4tes.<\/span><\/p>\n<p class=\"p3\"><span class=\"s2\">Les 13 harraga, \u00e2g\u00e9s de 18 \u00e0 43 ans, originaires de Skikda, Alger et Annaba, avaient pris le d\u00e9part quelques instants seulement avant, \u00e0 bord d\u2019une embarcation de fortune, avant d\u2019\u00eatre rep\u00e9r\u00e9s et ramen\u00e9s au port de Skikda. L\u00e0, une \u00e9quipe m\u00e9dicale de la Protection civile les a pris en charge avant de les remettre aux services de s\u00e9curit\u00e9 comp\u00e9tents pour accomplir les proc\u00e9dures r\u00e9glementaires d\u2019usage.<span class=\"Apple-converted-space\">\u00a0<\/span><\/span><\/p>\n<div class=\"yuzo_related_post style-1\" data-version=\"5.12.88\">\n<p><h3>Related Post<\/h3>\n<\/p>\n<div class=\"yuzo_wraps\">\n<div class=\"relatedthumb relatedpost-577167 c11\"><a href=\"https:\/\/www.elwatan.com\/regions\/est\/actu-est\/bordj-bou-arreridj-des-malades-sur-la-liste-dattente-07-05-2019\"\/><\/p>\n<p><span class=\"yuzo__text--title c10\">Bordj Bou Arr\u00e9ridj : Des malades sur la liste d\u2019at&#8230;<\/span><\/div>\n<div class=\"relatedthumb relatedpost-513802 c11\"><a href=\"https:\/\/www.elwatan.com\/regions\/kabylie\/tizi-ouzou\/tizi-ouzou-les-femmes-se-mobilisent-a-bouzeguene-10-01-2019\"\/><\/p>\n<p><span class=\"yuzo__text--title c10\">Tizi Ouzou :\u00a0Les femmes se mobilisent \u00e0 Bouzegu\u00e8ne&#8230;<\/span><\/div>\n<div class=\"relatedthumb relatedpost-221192 c11\"><a href=\"https:\/\/www.elwatan.com\/regions\/ouest\/actu-ouest\/temouchent-a-quand-une-rentabilisation-des-grands-axes-routiers-02-12-2018\"\/><\/p>\n<p><span class=\"yuzo__text--title c10\">T\u00e9mouchent : A quand une rentabilisation des grand&#8230;<\/span><\/div>\n<div class=\"relatedthumb relatedpost-382586 c11\"><a href=\"https:\/\/www.elwatan.com\/regions\/ouest\/actu-ouest\/relizane-la-peche-continentale-et-laquaculture-des-filieres-en-vogue-27-12-2018\"\/><\/p>\n<p><span class=\"yuzo__text--title c10\">Relizane : La p\u00eache continentale et l\u2019aquaculture,&#8230;<\/span><\/div>\n<\/div>\n<\/div>\n<p><span class=\"post-views-label\">Post Views:<\/span> <span class=\"post-views-count\">276<\/span><\/p>\n<p>Auteur: Anis Khecheba<br \/>\n<a href=\"https:\/\/www.elwatan.com\/edition\/actualite\/skikda-13-harraga-interceptes-a-oued-bibi-24-05-2019\">Cliquez ici pour lire l&rsquo;article depuis sa source.<\/a><\/p>\n","protected":false},"excerpt":{"rendered":"<p>Dans la matin\u00e9e d\u2019hier, 13\u00a0candidats \u00e0 l\u2019\u00e9migration clandestine ont \u00e9t\u00e9 intercept\u00e9s \u00e0 Oued Bibi, \u00e0 l\u2019ouest de Skikda, par des unit\u00e9s du groupement territorial des garde-c\u00f4tes. Les 13 harraga, \u00e2g\u00e9s de 18 \u00e0 43 ans, originaires de Skikda, Alger et Annaba, avaient pris le d\u00e9part quelques instants seulement avant, \u00e0 bord d\u2019une embarcation de fortune, [&hellip;]<\/p>\n","protected":false},"author":1743,"featured_media":0,"comment_status":"closed","ping_status":"closed","sticky":false,"template":"","format":"standard","meta":{"fifu_image_url":"","fifu_image_alt":"","footnotes":""},"categories":[73,53],"tags":[],"class_list":["post-36406","post","type-post","status-publish","format-standard","hentry","category-actualite","category-algerie"],"_links":{"self":[{"href":"https:\/\/linitiative.ca\/International\/wp-json\/wp\/v2\/posts\/36406","targetHints":{"allow":["GET"]}}],"collection":[{"href":"https:\/\/linitiative.ca\/International\/wp-json\/wp\/v2\/posts"}],"about":[{"href":"https:\/\/linitiative.ca\/International\/wp-json\/wp\/v2\/types\/post"}],"author":[{"embeddable":true,"href":"https:\/\/linitiative.ca\/International\/wp-json\/wp\/v2\/users\/1743"}],"replies":[{"embeddable":true,"href":"https:\/\/linitiative.ca\/International\/wp-json\/wp\/v2\/comments?post=36406"}],"version-history":[{"count":0,"href":"https:\/\/linitiative.ca\/International\/wp-json\/wp\/v2\/posts\/36406\/revisions"}],"wp:attachment":[{"href":"https:\/\/linitiative.ca\/International\/wp-json\/wp\/v2\/media?parent=36406"}],"wp:term":[{"taxonomy":"category","embeddable":true,"href":"https:\/\/linitiative.ca\/International\/wp-json\/wp\/v2\/categories?post=36406"},{"taxonomy":"post_tag","embeddable":true,"href":"https:\/\/linitiative.ca\/International\/wp-json\/wp\/v2\/tags?post=36406"}],"curies":[{"name":"wp","href":"https:\/\/api.w.org\/{rel}","templated":true}]}}