{"id":36407,"date":"2019-05-24T04:12:18","date_gmt":"2019-05-24T08:12:18","guid":{"rendered":"https:\/\/linitiative.ca\/International\/la-fifa-renonce-a-un-mondial-a-48-equipes-pour-2022\/"},"modified":"2019-05-24T04:12:18","modified_gmt":"2019-05-24T08:12:18","slug":"la-fifa-renonce-a-un-mondial-a-48-equipes-pour-2022","status":"publish","type":"post","link":"https:\/\/linitiative.ca\/International\/la-fifa-renonce-a-un-mondial-a-48-equipes-pour-2022\/","title":{"rendered":"La FIFA renonce \u00e0 un Mondial \u00e0 48 \u00e9quipes pour 2022"},"content":{"rendered":"<h4 class=\"title-14\"\/>\n<div class=\"featured_image\"><img width=\"800\" height=\"451\" data-cfsrc=\"https:\/\/www.elwatan.com\/wp-content\/uploads\/2019\/05\/Sans-titre-1-24.jpg\" class=\"attachment-post-thumbnail size-post-thumbnail wp-post-image c1\" alt=\"\" srcset=\"https:\/\/www.elwatan.com\/wp-content\/uploads\/2019\/05\/Sans-titre-1-24.jpg 800w, https:\/\/www.elwatan.com\/wp-content\/uploads\/2019\/05\/Sans-titre-1-24-300x169.jpg 300w, https:\/\/www.elwatan.com\/wp-content\/uploads\/2019\/05\/Sans-titre-1-24-768x433.jpg 768w\" sizes=\"(max-width: 800px) 100vw, 800px\"\/><noscript><\/p>\n<p><img loading=\"lazy\" decoding=\"async\" width=\"800\" height=\"451\" src=\"https:\/\/www.elwatan.com\/wp-content\/uploads\/2019\/05\/Sans-titre-1-24.jpg\" class=\"attachment-post-thumbnail size-post-thumbnail wp-post-image\" alt=\"\" srcset=\"https:\/\/www.elwatan.com\/wp-content\/uploads\/2019\/05\/Sans-titre-1-24.jpg 800w, https:\/\/www.elwatan.com\/wp-content\/uploads\/2019\/05\/Sans-titre-1-24-300x169.jpg 300w, https:\/\/www.elwatan.com\/wp-content\/uploads\/2019\/05\/Sans-titre-1-24-768x433.jpg 768w\" sizes=\"auto, (max-width: 800px) 100vw, 800px\"\/><\/p>\n<p><\/noscript><\/div>\n<p class=\"p3\">Coup d\u2019arr\u00eat pour Gianni Infantino\u00a0: le pr\u00e9sident de la Fifa, dont la premi\u00e8re d\u00e9cision avait \u00e9t\u00e9 de faire passer le Mondial 2026 \u00e0 48 \u00e9quipes, a \u00e9chou\u00e9 \u00e0 faire adopter sa mesure d\u00e8s le Mondial 2022 au Qatar, en raison notamment du blocus impos\u00e9 par les pays voisins.<\/p>\n<p class=\"p3\">La Fifa, qui s\u2019\u00e9tait prononc\u00e9e en mars lors d\u2019une r\u00e9union de son conseil \u00e0 Miami en faveur de cet \u00e9largissement \u00e0 48 \u00e9quipes, s\u2019appuyant sur une \u00e9tude de faisabilit\u00e9, avait inscrit le passage de 32 \u00e0 48 \u00e9quipes d\u00e8s 2022 \u00e0 l\u2019ordre du jour de son prochain congr\u00e8s, le 5 juin \u00e0 Paris, mais a indiqu\u00e9 mercredi soir que <em>\u00abdans les circonstances actuelles, une telle proposition ne pouvait \u00eatre mise en \u0153uvre\u00bb<\/em>.<\/p>\n<p class=\"p3\">Le projet de Gianni Infantino se heurte \u00e0 un obstacle g\u00e9opolitique majeur avec le blocus impos\u00e9 au Qatar par plusieurs pays voisins.\u00a0<em>\u00abL\u2019implication de ces pays dans l\u2019organisation du tournoi conjointement avec le Qatar induit la lev\u00e9e de ce blocus, en particulier la lev\u00e9e des restrictions sur les mouvements de personnes et de biens\u00bb<\/em>, soulignait ainsi l\u2019\u00e9tude de faisabilit\u00e9 soumise en mars aux membres du conseil de la Fifa.<\/p>\n<p class=\"p3\">Cette \u00e9tude de faisabilit\u00e9 consult\u00e9e par l\u2019AFP assurait \u00e9galement qu\u2019une Coupe du monde au Qatar avec 48 \u00e9quipes au lieu de 32 g\u00e9n\u00e9rerait <em>\u00abentre 300 et 400 M USD<\/em> (entre 265 et 354 M EUR) <em>de revenus suppl\u00e9mentaires\u00bb<\/em>. Dans le d\u00e9tail, la Fifa tablait sur 120 M USD suppl\u00e9mentaires de droits TV, 150 M USD en droits marketing et 90 M USD en billetterie. Des sp\u00e9cialistes du marketing et des droits TV se disaient cependant <em>\u00absceptiques\u00bb<\/em> sur les pr\u00e9visions <em>\u00aboptimistes\u00bb<\/em> de la Fifa concernant ces revenus suppl\u00e9mentaires.<\/p>\n<p class=\"p3\"><strong>48 \u00e9quipes EN 2026<\/strong><\/p>\n<p class=\"p3\">Ce format \u00e0 48 \u00e9quipes, d\u00e9j\u00e0 ent\u00e9rin\u00e9 pour le Mondial 2026 qui sera disput\u00e9 dans trois pays (Etats-Unis, Canada et Mexique), implique de passer de 64 \u00e0 80 matchs. Sa mise en place d\u00e8s 2022 aurait n\u00e9cessit\u00e9 qu\u2019un pays voisin du Qatar, comme le Kowe\u00eft ou Oman, accueille des matchs. <em>\u00abLa Fifa et le Qatar ont conjointement explor\u00e9 toutes les possibilit\u00e9s pour accro\u00eetre le nombre d\u2019\u00e9quipes de 32 \u00e0 48 en impliquant des pays voisins\u00bb<\/em>, explique le communiqu\u00e9 de la Fifa.<\/p>\n<p class=\"p3\"><em>\u00abA la suite d\u2019un processus de consultation approfondi<\/em> (\u2026), <em>il a \u00e9t\u00e9 conclu que dans les circonstances actuelles, une telle proposition ne pouvait \u00eatre mise en \u0153uvre.\u00bb<\/em> La Fifa et le Qatar ont <em>\u00ab\u00e9galement \u00e9tudi\u00e9 la possibilit\u00e9 pour le Qatar d\u2019accueillir le tournoi \u00e0 48 \u00e9quipes en abaissant notamment les exigences de la Fifa\u00bb<\/em>, ajoute l\u2019instance. Mais une analyse commune a conclu qu\u2019en raison <em>\u00abde l\u2019avanc\u00e9e des pr\u00e9paratifs, plus de temps \u00e9tait n\u00e9cessaire et une d\u00e9cision ne pouvait \u00eatre prise avant juin.<\/em><\/p>\n<p class=\"p3\"><em>Il a donc \u00e9t\u00e9 d\u00e9cid\u00e9 de ne pas aller plus loin dans cette option\u00bb<\/em>. Le Mondial 2022 au Qatar conserve donc son format original avec 32 \u00e9quipes et <em>\u00abaucune proposition ne sera soumise au congr\u00e8s de la Fifa le 5 juin \u00e0 Paris\u00bb<\/em>, ajoute l\u2019instance.<\/p>\n<p class=\"p3\">Le Comit\u00e9 supr\u00eame du Qatar, en charge de l\u2019organisation du tournoi, a r\u00e9agi en assurant que le pays avait <em>\u00abtoujours \u00e9t\u00e9 ouvert \u00e0 l\u2019id\u00e9e d\u2019un tournoi \u00e9largi en 2022 si un mod\u00e8le op\u00e9rationnel viable avait \u00e9t\u00e9 trouv\u00e9 et si toutes les parties avaient conclu qu\u2019une \u00e9dition \u00e9largie \u00e0 48 \u00e9quipes \u00e9tait dans l\u2019int\u00e9r\u00eat du football et du Qatar en tant que pays h\u00f4te\u00bb<\/em>.<\/p>\n<p class=\"p3\">Mais il a estim\u00e9 qu\u2019il manquait de temps pour faire une \u00e9valuation plus d\u00e9taill\u00e9e avant la date butoir de juin et a, <em>\u00abpour cette raison, d\u00e9cid\u00e9 de ne pas aller plus avant dans cette direction\u00bb<\/em>. L\u2019annonce du maintien \u00e0 32 \u00e9quipes pour 2022 sonne comme un \u00e9chec pour Infantino, qui s\u2019\u00e9tait d\u00e9men\u00e9 un peu partout dans le monde pour d\u00e9fendre son projet, avec apparemment l\u2019appui de l\u2019Arabie Saoudite.<\/p>\n<p class=\"p3\">L\u2019Italo-Suisse poursuit dans le m\u00eame temps son projet de Coupe du monde des clubs \u00e0 24 \u00e9quipes d\u00e8s 2021, que ne soutient toutefois pas l\u2019UEFA. <em>\u00abLe football transcende certes beaucoup d\u2019obstacles, mais Infantino n\u2019a pas compris que le football ne pouvait pas transcender les conflits g\u00e9opolitiques\u00bb<\/em>, analyse un bon connaisseur du football mondial. <em>\u00abTr\u00e8s peu de gens croyaient dans ce projet d\u2019Infantino, donc voir que la Fifa y renonce ne constitue pas une \u00e9norme surprise.\u00bb<\/em><\/p>\n<p class=\"p3\">A la t\u00eate de la Fifa depuis f\u00e9vrier 2016, o\u00f9 il a succ\u00e9d\u00e9 \u00e0 Sepp Blatter, contraint \u00e0 la d\u00e9mission en raison d\u2019un vaste scandale de corruption, Infantino, unique candidat, est assur\u00e9 d\u2019\u00eatre \u00e9lu pour un deuxi\u00e8me mandat le 5 juin, lors du congr\u00e8s de la Fifa \u00e0 Paris.<\/p>\n<div class=\"yuzo_related_post style-1\" data-version=\"5.12.88\">\n<p><h3>Related Post<\/h3>\n<\/p>\n<div class=\"yuzo_wraps\">\n<div class=\"relatedthumb relatedpost-561545 c11\"><a href=\"https:\/\/www.elwatan.com\/edition\/culture\/dar-el-gharnatia-de-kolea-elle-soufflera-bientot-ses-47-bougies-03-03-2019\"\/><\/p>\n<p><span class=\"yuzo__text--title c10\">Dar El Gharnatia de Kol\u00e9a : Elle soufflera bient\u00f4t&#8230;<\/span><\/div>\n<div class=\"relatedthumb relatedpost-576235 c11\"><a href=\"https:\/\/www.elwatan.com\/regions\/kabylie\/tizi-ouzou\/parc-national-du-djurdjura-projets-dagriculture-de-montagne-04-05-2019\"\/><\/p>\n<p><span class=\"yuzo__text--title c10\">Parc National du Djurdjura : Projets d\u2019agriculture&#8230;<\/span><\/div>\n<div class=\"relatedthumb relatedpost-579703 c11\"><a href=\"https:\/\/www.elwatan.com\/edition\/actualite\/gaid-salah-veut-imposer-lelection-presidentielle-et-reorienter-les-marches-populaires-20-05-2019\"\/><\/p>\n<p><span class=\"yuzo__text--title c10\">Ga\u00efd Salah veut imposer l\u2019\u00e9lection pr\u00e9sidentielle &#8230;<\/span><\/div>\n<div class=\"relatedthumb relatedpost-374147 c11\"><a href=\"https:\/\/www.elwatan.com\/edition\/actualite\/les-reserves-de-change-continuent-de-fondre-24-12-2018\"\/><\/p>\n<p><span class=\"yuzo__text--title c10\">Les r\u00e9serves de change continuent de fondre<\/span><\/div>\n<\/div>\n<\/div>\n<p><span class=\"post-views-label\">Post Views:<\/span> <span class=\"post-views-count\">344<\/span><\/p>\n<p>Auteur: Anis Khecheba<br \/>\n<a href=\"https:\/\/www.elwatan.com\/edition\/sports\/la-fifa-renonce-a-un-mondial-a-48-equipes-pour-2022-24-05-2019\">Cliquez ici pour lire l&rsquo;article depuis sa source.<\/a><\/p>\n","protected":false},"excerpt":{"rendered":"<p>Coup d\u2019arr\u00eat pour Gianni Infantino\u00a0: le pr\u00e9sident de la Fifa, dont la premi\u00e8re d\u00e9cision avait \u00e9t\u00e9 de faire passer le Mondial 2026 \u00e0 48 \u00e9quipes, a \u00e9chou\u00e9 \u00e0 faire adopter sa mesure d\u00e8s le Mondial 2022 au Qatar, en raison notamment du blocus impos\u00e9 par les pays voisins. La Fifa, qui s\u2019\u00e9tait prononc\u00e9e en mars [&hellip;]<\/p>\n","protected":false},"author":1743,"featured_media":36408,"comment_status":"closed","ping_status":"closed","sticky":false,"template":"","format":"standard","meta":{"fifu_image_url":"","fifu_image_alt":"","footnotes":""},"categories":[73,53],"tags":[],"class_list":["post-36407","post","type-post","status-publish","format-standard","has-post-thumbnail","hentry","category-actualite","category-algerie"],"_links":{"self":[{"href":"https:\/\/linitiative.ca\/International\/wp-json\/wp\/v2\/posts\/36407","targetHints":{"allow":["GET"]}}],"collection":[{"href":"https:\/\/linitiative.ca\/International\/wp-json\/wp\/v2\/posts"}],"about":[{"href":"https:\/\/linitiative.ca\/International\/wp-json\/wp\/v2\/types\/post"}],"author":[{"embeddable":true,"href":"https:\/\/linitiative.ca\/International\/wp-json\/wp\/v2\/users\/1743"}],"replies":[{"embeddable":true,"href":"https:\/\/linitiative.ca\/International\/wp-json\/wp\/v2\/comments?post=36407"}],"version-history":[{"count":0,"href":"https:\/\/linitiative.ca\/International\/wp-json\/wp\/v2\/posts\/36407\/revisions"}],"wp:featuredmedia":[{"embeddable":true,"href":"https:\/\/linitiative.ca\/International\/wp-json\/"}],"wp:attachment":[{"href":"https:\/\/linitiative.ca\/International\/wp-json\/wp\/v2\/media?parent=36407"}],"wp:term":[{"taxonomy":"category","embeddable":true,"href":"https:\/\/linitiative.ca\/International\/wp-json\/wp\/v2\/categories?post=36407"},{"taxonomy":"post_tag","embeddable":true,"href":"https:\/\/linitiative.ca\/International\/wp-json\/wp\/v2\/tags?post=36407"}],"curies":[{"name":"wp","href":"https:\/\/api.w.org\/{rel}","templated":true}]}}