{"id":36409,"date":"2019-05-24T04:15:09","date_gmt":"2019-05-24T08:15:09","guid":{"rendered":"https:\/\/linitiative.ca\/International\/apres-les-propos-dahmed-gaid-salah-sur-le-maintien-de-lelection-presidentielle-la-riposte-du-peuple\/"},"modified":"2019-05-24T04:15:09","modified_gmt":"2019-05-24T08:15:09","slug":"apres-les-propos-dahmed-gaid-salah-sur-le-maintien-de-lelection-presidentielle-la-riposte-du-peuple","status":"publish","type":"post","link":"https:\/\/linitiative.ca\/International\/apres-les-propos-dahmed-gaid-salah-sur-le-maintien-de-lelection-presidentielle-la-riposte-du-peuple\/","title":{"rendered":"Apr\u00e8s les propos d\u2019Ahmed Ga\u00efd Salah sur le maintien de l\u2019\u00e9lection pr\u00e9sidentielle : La riposte du peuple"},"content":{"rendered":"<h4 class=\"title-14\"\/>\n<div class=\"featured_image\"><img width=\"1200\" height=\"735\" data-cfsrc=\"https:\/\/www.elwatan.com\/wp-content\/uploads\/2019\/05\/Sans-titre-1-36.jpg\" class=\"attachment-post-thumbnail size-post-thumbnail wp-post-image c1\" alt=\"\" srcset=\"https:\/\/www.elwatan.com\/wp-content\/uploads\/2019\/05\/Sans-titre-1-36.jpg 1200w, https:\/\/www.elwatan.com\/wp-content\/uploads\/2019\/05\/Sans-titre-1-36-300x184.jpg 300w, https:\/\/www.elwatan.com\/wp-content\/uploads\/2019\/05\/Sans-titre-1-36-768x470.jpg 768w, https:\/\/www.elwatan.com\/wp-content\/uploads\/2019\/05\/Sans-titre-1-36-1024x627.jpg 1024w\" sizes=\"(max-width: 1200px) 100vw, 1200px\"\/><noscript><\/p>\n<p><img loading=\"lazy\" decoding=\"async\" width=\"1200\" height=\"735\" src=\"https:\/\/www.elwatan.com\/wp-content\/uploads\/2019\/05\/Sans-titre-1-36.jpg\" class=\"attachment-post-thumbnail size-post-thumbnail wp-post-image\" alt=\"\" srcset=\"https:\/\/www.elwatan.com\/wp-content\/uploads\/2019\/05\/Sans-titre-1-36.jpg 1200w, https:\/\/www.elwatan.com\/wp-content\/uploads\/2019\/05\/Sans-titre-1-36-300x184.jpg 300w, https:\/\/www.elwatan.com\/wp-content\/uploads\/2019\/05\/Sans-titre-1-36-768x470.jpg 768w, https:\/\/www.elwatan.com\/wp-content\/uploads\/2019\/05\/Sans-titre-1-36-1024x627.jpg 1024w\" sizes=\"auto, (max-width: 1200px) 100vw, 1200px\"\/><\/p>\n<p><\/noscript><\/div>\n<p class=\"p1\"><strong><em>Au moment o\u00f9 Ahmed Ga\u00efd Salah tient \u00e0 la tenue de l\u2019\u00e9lection pr\u00e9sidentielle dans les<\/em> \u00abplus brefs d\u00e9lais\u00bb<em>, les propositions de sortie de crise affluent. Alors plut\u00f4t une transition de courte ou de longue dur\u00e9e\u00a0?\u00a0Round up.<\/em><\/strong><\/p>\n<p class=\"p1\">Le chef d\u2019\u00e9tat-major n\u2019a certes pas pr\u00e9cis\u00e9ment \u00e9voqu\u00e9 la date du 4 juillet, n\u2019emp\u00eache, dans son discours prononc\u00e9 devant les cadres de l\u2019ANP de la 4<sup>e<\/sup> R\u00e9gion militaire (Ouargla), lundi dernier, il a fait savoir qu\u2019il tient \u00e0 l\u2019organisation de l\u2019\u00e9lection pr\u00e9sidentielle.<\/p>\n<p class=\"p3\">Une d\u00e9cision qui a sans doute ravi le Front El Moustakbel qui se dit <em>\u00abattach\u00e9 \u00e0 l\u2019application de la Constitution actuelle en vue de trouver une solution \u00e0 la crise et rejette l\u2019entr\u00e9e dans une transition qui pousserait le pays vers un tunnel obscur\u00bb<\/em>, a d\u00e9clar\u00e9 M. Bela\u00efd au forum du journal <em>El Hiwar<\/em>, affirmant que <em>\u00abAbdelkader Bensalah a pris ses nouvelles fonctions en vertu de la Constitution\u00bb<\/em> et que <em>\u00abl\u2019instauration d\u2019un Etat d\u00e9mocratique ne peut se faire avec des m\u00e9canismes non d\u00e9mocratiques\u00bb.<\/em><\/p>\n<p class=\"p3\"><em>\u00abSi nous nous \u00e9loignons des dispositions de la Constitution, le pays perdra de sa cr\u00e9dibilit\u00e9 et cela ouvrira la porte \u00e0 l\u2019acharnement ext\u00e9rieur et \u00e0 l\u2019effondrement de l\u2019\u00e9conomie nationale\u00bb<\/em>, a-t-il estim\u00e9. Le politologue Mohamed Hennad explique que si Ahmed Ga\u00efd Salah s\u2019est abstenu de r\u00e9it\u00e9rer la date du 4 juillet, c\u2019est parce qu\u2019<em>\u00abil r\u00e9alise que le respect de cette \u00e9ch\u00e9ance est impossible pour plusieurs raisons, notamment le refus cat\u00e9gorique du hirak, de l\u2019opposition, mais aussi l\u2019absence de candidats s\u00e9rieux\u00bb.<\/em><\/p>\n<p class=\"p3\">A en croire la lecture du politologue, la r\u00e9action du g\u00e9n\u00e9ral-major pourrait signifier qu\u2019il finira par accepter le report de l\u2019\u00e9lection comme un \u00abcadeau\u00bb qu\u2019il offrira, le moment venu, \u00e0 l\u2019opposition. Pour l\u2019heure, Ga\u00efd Salah explique que la tenue de l\u2019\u00e9lection pr\u00e9sidentielle mettra en \u00e9chec tous ceux qui tentent de faire perdurer cette crise, estimant que cette \u00e9ch\u00e9ance <em>\u00abpermettra d\u2019\u00e9viter de tomber dans le pi\u00e8ge du vide constitutionnel et tout ce qui s\u2019ensuivra comme dangers et d\u00e9rapages aux cons\u00e9quences d\u00e9sastreuses\u00bb.<\/em><\/p>\n<p class=\"p3\">A cet effet, l\u2019ancien ministre de la Communication, Abdelaziz Rahabi, s\u2019exprimant sur les ondes de la Radio Cha\u00eene 1, a estim\u00e9 que la sortie du cadre constitutionnel a \u00e9t\u00e9 act\u00e9 depuis le report de l\u2019\u00e9lection pr\u00e9sidentielle programm\u00e9e le 18 avril dernier. Mais pourquoi cet ent\u00eatement au moment o\u00f9 le peuple rejette massivement cette \u00e9lection\u00a0? Selon Soufiane Djilali, pr\u00e9sident de Jil Jadid, l\u2019\u00e9tat-major s\u2019est retrouv\u00e9 dans une situation qu\u2019il n\u2019avait pas anticip\u00e9e et qu\u2019il ne ma\u00eetrise plus.<\/p>\n<p class=\"p3\">Il s\u2019accroche, selon lui, \u00e0 ce qui fait office de Constitution, pensant se prot\u00e9ger d\u2019une accusation de coup d\u2019Etat. \u00ab<em>Or, cette attitude le ligote dans des limites trop r\u00e9duites et fait na\u00eetre des suspicions l\u00e9gitimes d\u2019un calcul politicien, alors qu\u2019une main tendue de sa part aurait pu tr\u00e8s rapidement instaurer un climat de confiance<\/em>\u00bb, explique-t-il. Pour Soufiane Djilali, il est n\u00e9cessaire que le commandement clarifie sa position avec un discours clair et significatif. Il confie que le parti souhaite le d\u00e9part du r\u00e9gime politique mais pas l\u2019effondrement de l\u2019Etat.<\/p>\n<p class=\"p3\">Le pr\u00e9sident de Jil Jadid affirme\u00a0: \u00ab<em>Il faut donc sortir des accusations \u00e0 l\u2019emporte-pi\u00e8ces et avoir la volont\u00e9 de construire, tous ensemble, l\u2019Etat de droit que nous voulons. Sinc\u00e8rement, la balle est maintenant dans le camp du g\u00e9n\u00e9ral Ga\u00efd Salah. A lui de nous apporter la preuve de sa bonne foi.<\/em>\u00bb Mardi dernier, au lendemain du discours de Ga\u00efd Salah, les \u00e9tudiants ont manifest\u00e9, en masse, dans plusieurs wilayas du pays. Ils rejettent la tenue d\u2019une \u00e9lection pr\u00e9sidentielle le 4 juillet. Un avant-go\u00fbt de la marche d\u2019aujourd\u2019hui. La tenue de cette date semble donc compromise pour des raisons logistiques.<\/p>\n<p class=\"p3\">Qui plus est un nombre important de magistrats ont annonc\u00e9 leur d\u00e9cision de ne pas superviser cette op\u00e9ration \u00e9lectorale. Idem pour plusieurs pr\u00e9sidents d\u2019APC. Mourad Goumiri explique que la faisabilit\u00e9 des \u00e9lections d\u00e9pend grandement des organes de contr\u00f4le (commission et magistrats), des moyens humains (55\u00a0000 bureaux de vote), mat\u00e9riels (pr\u00e9paration des urnes, des bulletins et leur transport) et financiers (plusieurs milliards de dinars pour subvenir aux paiements de toutes ces actions). Pourquoi Ga\u00efd Salah n\u2019a-t-il pas opt\u00e9 pour une des nombreuses solutions propos\u00e9es\u00a0?<\/p>\n<p class=\"p3\"><strong>Transition de courte dur\u00e9e<\/strong><\/p>\n<p class=\"p4\">Dans le but de trouver au plus vite une solution politique consensuelle en mesure de r\u00e9pondre aux aspirations populaires l\u00e9gitimes qui s\u2019expriment quotidiennement depuis bient\u00f4t trois mois, Ali Yahia Abdennour, Ahmed Taleb Ibrahimi et Rachid Benyelles ont plaid\u00e9 pour l\u2019ouverture d\u2019un dialogue <em>\u00abfranc et honn\u00eate\u00bb<\/em> avec des figures repr\u00e9sentatives du mouvement citoyen (hirak), des partis et des forces politiques et sociales qui le soutiennent.<\/p>\n<p class=\"p3\">Les trois signataires de l\u2019appel ont \u00e9galement soulign\u00e9 qu\u2019une p\u00e9riode de transition de courte dur\u00e9e, conduite par des hommes et des femmes n\u2019ayant jamais appartenu au syst\u00e8me profond\u00e9ment corrompu des 20 derni\u00e8res ann\u00e9es, est n\u00e9cessaire. Une proposition salu\u00e9e par Jil Jadid. Pour Soufiane Djilali, cette proposition va incontestablement dans le sens voulu par le mouvement populaire. Selon lui, elle est port\u00e9e par trois personnalit\u00e9s reconnues, qui n\u2019ont aucun lien avec le r\u00e9gime d\u00e9chu. <em>\u00abJe sais que certains compatriotes contestent l\u2019un ou l\u2019autre des signataires.<\/em><\/p>\n<p class=\"p3\"><em>Mais il me semble qu\u2019il faut s\u2019attacher au contenu de la lettre et non aux divergences id\u00e9ologiques\u00bb<\/em>, sugg\u00e8re-t-il. De son c\u00f4t\u00e9, l\u2019ancien chef de gouvernement, Ahmed Benbitour, a \u00e9galement estim\u00e9 qu\u2019une p\u00e9riode de transition de 8 \u00e0 12 mois est n\u00e9cessaire pour \u00e9laborer un programme de sortie de crise <em>\u00abassez d\u00e9taill\u00e9 et pr\u00eat \u00e0 la mise en \u0153uvre\u00bb<\/em> et organiser une \u00e9lection pr\u00e9sidentielle.<\/p>\n<p class=\"p3\">M\u00eame son de cloche du c\u00f4t\u00e9 de Jil Jadid. Selon son pr\u00e9sident, d\u00e8s le 10 mars et bien avant la d\u00e9mission de l\u2019ex-Pr\u00e9sident, le parti a propos\u00e9 une feuille de route qui plaidait pour la mise en place d\u2019une phase de transition d\u2019une dur\u00e9e de 6 \u00e0 12 mois avec une Pr\u00e9sidence de l\u2019Etat et un conclave qui r\u00e9unit les partis, les associations, les syndicats et les personnalit\u00e9s nationales afin de pr\u00e9parer toutes les conditions d\u2019une future \u00e9lection pr\u00e9sidentielle dans les normes.<\/p>\n<p class=\"p3\">Le Pr\u00e9sident \u00e9lu devra alors, selon la feuille de route de Jil Jadid, engager les vraies r\u00e9formes dont a besoin le pays, en commen\u00e7ant par une refonte de la Constitution, avec la s\u00e9paration de la justice de l\u2019Ex\u00e9cutif, le r\u00e9\u00e9quilibrage du pouvoir en faveur du Parlement et l\u2019ouverture s\u00e9rieuse du champ politique et m\u00e9diatique. <em>\u00abIl faudra ensuite<\/em> <em>passer rapidement aux r\u00e9formes de l\u2019\u00e9conomie, de l\u2019\u00e9ducation et de la sant\u00e9. Nous sommes dans une phase exceptionnelle.<\/em><\/p>\n<p class=\"p3\"><em>Elle peut donner naissance \u00e0 une Alg\u00e9rie nouvelle o\u00f9 la citoyennet\u00e9 aura un sens\u00bb<\/em>, propose-t-il<em>.<\/em> Abdelaziz Rahabi a de son c\u00f4t\u00e9 affirm\u00e9 que le passage d\u2019un syst\u00e8me non d\u00e9mocratique \u00e0 un syst\u00e8me d\u00e9mocratique ne peut avoir lieu sans une p\u00e9riode de transition, permettant \u00e0 la soci\u00e9t\u00e9 de se r\u00e9organiser \u00e0 travers les syndicats, les partis et les institutions.<\/p>\n<p class=\"p3\"><strong>Transition de longue dur\u00e9e<\/strong><\/p>\n<p class=\"p4\">Fethi Ghares, coordinateur du MDS, a, quant \u00e0 lui, \u00e9voqu\u00e9, lors d\u2019une conf\u00e9rence-d\u00e9bat tenue il y a quelques jours, au village Cr\u00eate-Rouge, dans la commune d\u2019El Adjiba, une p\u00e9riode transition qui pourrait s\u2019\u00e9tendre jusqu\u2019\u00e0 deux ans.<\/p>\n<p class=\"p3\">Selon lui, lors de ladite transition, seront discut\u00e9s tous les sujets br\u00fblants et pouvant engager l\u2019avenir du pays. Sauf que cette transition est, selon Fethi Ghares, conditionn\u00e9e par <em>\u00able d\u00e9part pr\u00e9alable de toutes les figures qui incarnent le syst\u00e8me actuel tel que revendiqu\u00e9 sans ambages par les millions d\u2019Alg\u00e9riens qui sortent chaque vendredi manifester dans un esprit civilisationnel et pacifique\u00bb<\/em>.<\/p>\n<p class=\"p3\">Ce n\u2019est que suite au d\u00e9part de ces personnes qu\u2019il faudra, de l\u2019avis du MDS, installer un pr\u00e9sidium compos\u00e9 de quatre \u00e0 cinq personnalit\u00e9s ind\u00e9pendantes et consensuelles. Suivra l\u2019installation d\u2019un gouvernement de transition, compos\u00e9 \u00e9galement de comp\u00e9tences nationales et non partisanes, qui auront \u00e0 g\u00e9rer les affaires courantes du pays.<\/p>\n<p class=\"p3\">Une fois ces \u00e9tapes franchies, Fethi Ghares propose de lancer un large d\u00e9bat national, qui s\u2019\u00e9tendra sur six mois, afin de permettre aux citoyens, qui ne se reconnaissent pas dans les partis politiques, de se r\u00e9unir et de d\u00e9signer d\u00e9mocratiquement leurs repr\u00e9sentants parmi les personnes du hirak. \u00ab<em>Ces derniers figureront dans la conf\u00e9rence nationale, qui aura lieu apr\u00e8s la p\u00e9riode de d\u00e9bats et se penchera sur les m\u00e9canismes et les modalit\u00e9s d\u2019une nouvelle Constitution ou des amendements pour l\u2019actuelle\u00bb,<\/em> a-t-il propos\u00e9.<\/p>\n<p class=\"p3\">La feuille de route du MDS comprend \u00e9galement l\u2019installation d\u2019une justice de transition qui mettra en place une commission d\u2019enqu\u00eate dont la mission sera l\u2019examen des lourds dossiers relatifs \u00e0 la corruption, les d\u00e9tournements et les assassinats qui ont eu lieu pendant les \u00e9v\u00e9nements du Printemps noir et de la d\u00e9cennie noire. <em>\u00abCe n\u2019est que lorsque toutes ces \u00e9tapes seront achev\u00e9es qu\u2019on pourra aller vers une \u00e9lection libre et d\u00e9mocratique dans le cadre d\u2019une IIe R\u00e9publique, o\u00f9 les diff\u00e9rences d\u2019id\u00e9es et de programmes seront sanctionn\u00e9es par l\u2019urne\u00bb,<\/em> a-t-il conclu.<\/p>\n<p class=\"p3\"><strong>Et si\u2026<\/strong><\/p>\n<p class=\"p4\">Si \u00e9lection il y a, quels seraient les dangers\u00a0? Pour Mouard Goumiri, les dangers d\u2019une \u00e9lection biais\u00e9e originellement sont une invalidation populaire, suivie imm\u00e9diatement d\u2019\u00e9meutes de plus grande ampleur et les d\u00e9rapages r\u00e9pressifs qu\u2019elles risquent d\u2019engendrer, ce qui nous conduirait droit \u00e0 une guerre civile, pire que celle v\u00e9cue en 1992. \u00ab<em>Il n\u2019est donc de l\u2019int\u00e9r\u00eat de personne de s\u2019acheminer vers un pareil sc\u00e9nario, ni \u00e0 l\u2019int\u00e9rieur ni \u00e0 l\u2019ext\u00e9rieur du pays<\/em>\u00bb, pr\u00e9vient-il.<\/p>\n<p class=\"p3\">De son c\u00f4t\u00e9, Mohamed Hennad estime que cette d\u00e9cision est de nature \u00e0 assombrir davantage l\u2019issue de la crise et, qu\u2019au final, elle conduira aussi \u00e0 la rupture entre le hirak et le commandement militaire. Une des raisons principales qui pousse le peuple \u00e0 refuser cette \u00e9lection est la perte de confiance en les institutions de l\u2019Etat.<\/p>\n<p class=\"p3\">Question\u00a0: une \u00e9lection avec les institutions du Pr\u00e9sident d\u00e9missionnaire peut-elle \u00eatre r\u00e9ellement transparente\u00a0? \u00ab<em>L\u00e0 est le n\u0153ud du probl\u00e8me, dans la mesure o\u00f9 il est inconcevable que l\u2019on permette \u00e0 un syst\u00e8me corrompu et qu\u2019on essaye de d\u00e9gager, par tous les moyens pacifiques possibles, de nous organiser une \u00e9lection digne de ce nom, sachant que tout ce que sait faire ce syst\u00e8me c\u2019est frauder\u00bb.<\/em><\/p>\n<p class=\"p3\">Mourad Goumiri lui estime que la question du changement des personnels et des figures les plus embl\u00e9matiques de l\u2019ancien syst\u00e8me ne se pose pas pour les \u00e9lections uniquement, mais avant tout en termes de syst\u00e8me politique \u00e0 revisiter enti\u00e8rement, ce qui n\u00e9cessitera du temps. En ce qui concerne les institutions constitutionnelles, telles que le Pr\u00e9sident par int\u00e9rim, gouvernement et pr\u00e9sident du Conseil constitutionnel, il est tr\u00e8s facile, selon Mourad Goumiri, de proc\u00e9der \u00e0 leur changement. <em>\u00abJe l\u2019avais d\u2019ailleurs propos\u00e9, d\u00e8s le d\u00e9part de l\u2019ex-Pr\u00e9sident, en d\u00e9signant, au sein du S\u00e9nat, une personnalit\u00e9 consensuelle.<\/em><\/p>\n<p class=\"p3\"><em>Cela aurait \u00e9vit\u00e9 suspicion, blocage politique artificiel et on aurait profit\u00e9 d\u2019un gain de temps fort utile. Malheureusement, cette porte de sortie n\u2019a pas \u00e9t\u00e9 retenue et nous nous retrouvons dans une impasse, essentiellement due \u00e0 un mur de d\u00e9fiance qui s\u2019est install\u00e9 entre le hirak et l\u2019institution militaire, en complet d\u00e9calage\u00bb,<\/em> se d\u00e9sole-il.<\/p>\n<p class=\"p3\">Pourtant, dans son discours, Ga\u00efd Salah a insist\u00e9 sur l\u2019acc\u00e9l\u00e9ration du processus d\u2019installation de l\u2019instance ind\u00e9pendante d\u2019organisation des \u00e9lections\u00a0: <em>\u00abIl est certain que l\u2019\u00e9tape principale serait d\u2019acc\u00e9l\u00e9rer la cr\u00e9ation et l\u2019installation de l\u2019instance ind\u00e9pendante pour l\u2019organisation et la supervision des \u00e9lections. Nous attendons, dans ce cadre, l\u2019acc\u00e9l\u00e9ration de la prise des mesures ad\u00e9quates pour la mise en \u0153uvre de ce m\u00e9canisme constitutionnel, consid\u00e9r\u00e9 comme l\u2019outil juridique idoine pour pr\u00e9server la voix de l\u2019\u00e9lecteur et donner une cr\u00e9dibilit\u00e9 aux \u00e9lections.\u00bb<\/em> Sauf qu\u2019il semblerait qu\u2019il y ait confusion.<\/p>\n<p class=\"p3\">En effet, en se r\u00e9f\u00e9rant aux textes constitutionnels et \u00e0 la loi organique relative au r\u00e9gime \u00e9lectoral, on d\u00e9duit que l\u2019organisation des \u00e9lections pr\u00e9sidentielles et leur surveillance sont deux choses diff\u00e9rentes. Finalement, pour Mahrez Bouich, enseignant chercheur en philosophie politique \u00e0 l\u2019universit\u00e9 Abderrahmane Mira de B\u00e9ja\u00efa, rien n\u2019indique qu\u2019il y aura des \u00e9lections le 4 juillet, surtout avec la mobilisation citoyenne contre sa tenue. Le chercheur explique que sur le plan constitutionnel, il est clair qu\u2019apr\u00e8s la dissolution par Bouteflika de la Haute instance ind\u00e9pendante de surveillance des \u00e9lections, instance constitutionnelle (articles 193,194), les \u00e9lections ne peuvent pas se tenir par voie constitutionnelle.<\/p>\n<p class=\"p3\">D\u2019ailleurs, l\u2019une des t\u00e2ches principales de cette instance, selon l\u2019article 194 de la Constitution, est la supervision des op\u00e9rations de r\u00e9vision des listes \u00e9lectorales, chose qui n\u2019a pas \u00e9t\u00e9 faite vu que l\u2019instance n\u2019existe plus. Le m\u00eame probl\u00e8me va \u00eatre, selon Mahrez Bouich, pos\u00e9 sur la mise en place des commissions locales de surveillance des \u00e9lections. <em>\u00abRajoutant \u00e0 tout cela l\u2019impossibilit\u00e9 de remettre en place l\u2019instance dissoute puisqu\u2019elle fait constitutionnellement partie des pr\u00e9rogatives du pr\u00e9sident de la R\u00e9publique \u00e9lu au suffrage universel et qu\u2019aucune autre autorit\u00e9 n\u2019a le droit de la reconduire<\/em> <em>ou de la d\u00e9signer\u00bb,<\/em> explique-t-il.<\/p>\n<p class=\"p3\">Face \u00e0 cette impasse politico-constitutionnelle, une seule issue est envisageable aux yeux du chercheur, \u00e0 savoir une solution politique de sortie de crise, bas\u00e9e essentiellement sur une p\u00e9riode de transition qui ne d\u00e9passerait pas une ann\u00e9e et demie et qui reposerait sur un processus constituant, bas\u00e9 sur plusieurs \u00e9tapes.<\/p>\n<p class=\"p3\">La premi\u00e8rement serait la volont\u00e9 de l\u2019institution militaire d\u2019accompagner la r\u00e9volution en marche du peuple sans pour autant essayer de la d\u00e9tourner en sa faveur. Deuxi\u00e8mement, l\u2019installation d\u2019une instance pr\u00e9sidentielle compos\u00e9e de personnalit\u00e9s neutres et autonomes. Troisi\u00e8mement, le g\u00e8le de la Constitution et la dissolution de l\u2019APN et du S\u00e9nat.<\/p>\n<p class=\"p3\">Quatri\u00e8mement, la mise en place d\u2019un gouvernement de comp\u00e9tences nationales, compos\u00e9 de personnalit\u00e9s neutres et autonomes, pour g\u00e9rer les affaires courantes. Cinqui\u00e8mement, l\u2019\u00e9lection d\u2019une Assembl\u00e9e nationale constituante qui pr\u00e9parera la nouvelle Constitution, qui sera approuv\u00e9e par r\u00e9f\u00e9rendum. Sixi\u00e8mement, l\u2019organisation des \u00e9lections pr\u00e9sidentielle ou l\u00e9gislatives, tout d\u00e9pend de la nature du syst\u00e8me politique adopt\u00e9 par la nouvelle Constitution\u00a0: parlementaire ou pr\u00e9sidentiel.<\/p>\n<p class=\"p3\">De son c\u00f4t\u00e9, Mourad Goumiri estime que devant les dangers int\u00e9rieurs (gr\u00e8ves multiformes, d\u00e9gradations, r\u00e8glements de comptes, complots) et ext\u00e9rieurs (pressions multiples, chantages, actions subversives) que le pays subit, <em>\u00abil y a unanimit\u00e9 pour dire que cette transition<\/em> <em>doit \u00eatre de courte dur\u00e9e (avant la fin de l\u2019ann\u00e9e en cours), afin de ne pas aboutir \u00e0 l\u2019effondrement de l\u2019Etat avec toutes ses cons\u00e9quences\u00bb<\/em>.<\/p>\n<p class=\"p3\">Pour le politologue, plus le flou constitutionnel s\u2019installe et perdure, plus la mise en \u0153uvre de solutions consensuelles s\u2019\u00e9loigne et les dangers s\u2019amplifient. <em>\u00abIl faut donc cesser de vendre au<\/em> <em>hirak des raisonnements tautologiques et se concentrer sur l\u2019essentiel rapidement, c\u2019est-\u00e0-dire l\u2019avenir de notre pays exclusivement, qui ne soit surtout pas li\u00e9 \u00e0 celui d\u2019une personne\u00bb,<\/em> conclut-il<em>.<\/em><\/p>\n<div class=\"yuzo_related_post style-1\" data-version=\"5.12.88\">\n<p><h3>Related Post<\/h3>\n<\/p>\n<div class=\"yuzo_wraps\">\n<div class=\"relatedthumb relatedpost-469585 c11\"><a href=\"https:\/\/www.elwatan.com\/regions\/sud\/actu-sud\/illizi-abdelmalek-sellal-prochainement-a-bordj-omar-driss-et-debdeb-2-27-10-2014\"\/><\/p>\n<p><span class=\"yuzo__text--title c10\">Illizi : Abdelmalek Sellal prochainement \u00e0 Bordj O&#8230;<\/span><\/div>\n<div class=\"relatedthumb relatedpost-528773 c11\"><a href=\"https:\/\/www.elwatan.com\/regions\/sud\/actu-sud\/les-habitants-din-guezzam-interpellent-les-pouvoirs-publics-2-12-03-2017\"\/><\/p>\n<p><span class=\"yuzo__text--title c10\">Les habitants d\u2019In Guezzam interpellent les pouvoi&#8230;<\/span><\/div>\n<div class=\"relatedthumb relatedpost-568035 c11\"><a href=\"https:\/\/www.elwatan.com\/edition\/sports\/en-bref-1445-06-04-2019\"\/><\/p>\n<p><span class=\"yuzo__text--title c10\">En bref\u2026<\/span><\/div>\n<div class=\"relatedthumb relatedpost-166432 c11\"><a href=\"https:\/\/www.elwatan.com\/regions\/est\/actu-est\/cite-herga-a-guelma-les-habitants-interpellent-le-wali-29-11-2018\"\/><\/p>\n<p><span class=\"yuzo__text--title c10\">Cit\u00e9 herga \u00e0 Guelma :\u00a0Les habitants interpellent l&#8230;<\/span><\/div>\n<\/div>\n<\/div>\n<p><span class=\"post-views-label\">Post Views:<\/span> <span class=\"post-views-count\">8\u00a0484<\/span><\/p>\n<p>Auteur: Anis Khecheba<br \/>\n<a href=\"https:\/\/www.elwatan.com\/edition\/actualite\/la-riposte-du-peuple-24-05-2019\">Cliquez ici pour lire l&rsquo;article depuis sa source.<\/a><\/p>\n","protected":false},"excerpt":{"rendered":"<p>Au moment o\u00f9 Ahmed Ga\u00efd Salah tient \u00e0 la tenue de l\u2019\u00e9lection pr\u00e9sidentielle dans les \u00abplus brefs d\u00e9lais\u00bb, les propositions de sortie de crise affluent. Alors plut\u00f4t une transition de courte ou de longue dur\u00e9e\u00a0?\u00a0Round up. Le chef d\u2019\u00e9tat-major n\u2019a certes pas pr\u00e9cis\u00e9ment \u00e9voqu\u00e9 la date du 4 juillet, n\u2019emp\u00eache, dans son discours prononc\u00e9 devant [&hellip;]<\/p>\n","protected":false},"author":1743,"featured_media":36410,"comment_status":"closed","ping_status":"closed","sticky":false,"template":"","format":"standard","meta":{"fifu_image_url":"","fifu_image_alt":"","footnotes":""},"categories":[73,53],"tags":[],"class_list":["post-36409","post","type-post","status-publish","format-standard","has-post-thumbnail","hentry","category-actualite","category-algerie"],"_links":{"self":[{"href":"https:\/\/linitiative.ca\/International\/wp-json\/wp\/v2\/posts\/36409","targetHints":{"allow":["GET"]}}],"collection":[{"href":"https:\/\/linitiative.ca\/International\/wp-json\/wp\/v2\/posts"}],"about":[{"href":"https:\/\/linitiative.ca\/International\/wp-json\/wp\/v2\/types\/post"}],"author":[{"embeddable":true,"href":"https:\/\/linitiative.ca\/International\/wp-json\/wp\/v2\/users\/1743"}],"replies":[{"embeddable":true,"href":"https:\/\/linitiative.ca\/International\/wp-json\/wp\/v2\/comments?post=36409"}],"version-history":[{"count":0,"href":"https:\/\/linitiative.ca\/International\/wp-json\/wp\/v2\/posts\/36409\/revisions"}],"wp:featuredmedia":[{"embeddable":true,"href":"https:\/\/linitiative.ca\/International\/wp-json\/"}],"wp:attachment":[{"href":"https:\/\/linitiative.ca\/International\/wp-json\/wp\/v2\/media?parent=36409"}],"wp:term":[{"taxonomy":"category","embeddable":true,"href":"https:\/\/linitiative.ca\/International\/wp-json\/wp\/v2\/categories?post=36409"},{"taxonomy":"post_tag","embeddable":true,"href":"https:\/\/linitiative.ca\/International\/wp-json\/wp\/v2\/tags?post=36409"}],"curies":[{"name":"wp","href":"https:\/\/api.w.org\/{rel}","templated":true}]}}