{"id":36419,"date":"2019-05-24T14:29:46","date_gmt":"2019-05-24T18:29:46","guid":{"rendered":"https:\/\/linitiative.ca\/International\/tipasa-lidee-dun-hirak-organise-et-encadre-est-lancee\/"},"modified":"2019-05-24T14:29:46","modified_gmt":"2019-05-24T18:29:46","slug":"tipasa-lidee-dun-hirak-organise-et-encadre-est-lancee","status":"publish","type":"post","link":"https:\/\/linitiative.ca\/International\/tipasa-lidee-dun-hirak-organise-et-encadre-est-lancee\/","title":{"rendered":"Tipasa\u00a0: L\u2019id\u00e9e d\u2019un Hirak organis\u00e9 et encadr\u00e9 est lanc\u00e9e"},"content":{"rendered":"<h4 class=\"title-14\"\/>\n<div class=\"featured_image\"><img width=\"850\" height=\"638\" data-cfsrc=\"https:\/\/www.elwatan.com\/wp-content\/uploads\/2019\/05\/Photo-026.jpg\" class=\"attachment-post-thumbnail size-post-thumbnail wp-post-image c1\" alt=\"\" srcset=\"https:\/\/www.elwatan.com\/wp-content\/uploads\/2019\/05\/Photo-026.jpg 850w, https:\/\/www.elwatan.com\/wp-content\/uploads\/2019\/05\/Photo-026-300x225.jpg 300w, https:\/\/www.elwatan.com\/wp-content\/uploads\/2019\/05\/Photo-026-768x576.jpg 768w\" sizes=\"(max-width: 850px) 100vw, 850px\"\/><noscript><\/p>\n<p><img loading=\"lazy\" decoding=\"async\" width=\"850\" height=\"638\" src=\"https:\/\/www.elwatan.com\/wp-content\/uploads\/2019\/05\/Photo-026.jpg\" class=\"attachment-post-thumbnail size-post-thumbnail wp-post-image\" alt=\"\" srcset=\"https:\/\/www.elwatan.com\/wp-content\/uploads\/2019\/05\/Photo-026.jpg 850w, https:\/\/www.elwatan.com\/wp-content\/uploads\/2019\/05\/Photo-026-300x225.jpg 300w, https:\/\/www.elwatan.com\/wp-content\/uploads\/2019\/05\/Photo-026-768x576.jpg 768w\" sizes=\"auto, (max-width: 850px) 100vw, 850px\"\/><\/p>\n<p><\/noscript><\/div>\n<p class=\"p3\"><span class=\"s3\">Les citoyens des localit\u00e9s de Gouraya, Cherchell, Hadjout et Tipasa ont battu le pav\u00e9 pour ce 14<\/span><span class=\"s4\"><sup>\u00e8me<\/sup><\/span> <span class=\"s3\">vendredi, en rappelant leurs mots d\u2019ordre du 22 f\u00e9vrier 2019.<\/span><\/p>\n<p class=\"p3\"><span class=\"s3\">Contact\u00e9s par nos soins, quelques animateurs de la r\u00e9volte populaire dans la wilaya de Tipasa nous ont confirm\u00e9 que l\u2019id\u00e9e d\u2019organiser et d\u2019encadrer le \u00ab\u00a0Hirak\u00a0\u00bb vient d\u2019\u00eatre lanc\u00e9e. \u00ab\u00a0Nous voulons ma\u00eetriser le flux, car les opportunistes et les cachiristes sont \u00e0 l\u2019aff\u00fbt, nous sommes vigilants, afin de ne pas polluer notre mouvement populaire\u00a0\u00bb, nous disent-ils.<\/span><\/p>\n<p class=\"p3\"><span class=\"s3\"><em>\u00ab\u00a0Ulech el vote\u00a0\u00bb\u00a0; \u00ab\u00a0les 3 \u00ab\u00a0B\u00a0\u00bb d\u00e9gagent\u00a0\u00bb\u00a0; \u00ab\u00a0daoula madania machi askariya\u00a0\u00bb\u00a0; \u00ab\u00a0B\u00e9doui d\u00e9gage\u00a0\u00bb\u00a0; \u00ab\u00a0Bensalah d\u00e9gage\u00a0\u00bb\u00a0; \u00ab\u00a0yat nahaou g\u00e2a\u00a0\u00bb\u00a0; \u00ab\u00a0non \u00e0 l\u2019\u00e9l\u00e9ction sous l\u2019\u00e9gide d\u2019el-issaba\u00a0\u00bb\u00a0; \u00ab la d\u00e9mocratie ne sort jamais de la caserne\u00a0\u00bb\u00a0; \u00ab\u00a0nous voulons lib\u00e9rer l\u2019Alg\u00e9rie de ce syst\u00e8me politique pourri\u00a0\u00bb<\/em>\u00a0; <em>\u00ab\u00a0silmiya, silmiya\u00a0\u00bb,<\/em> tels sont les slogans scand\u00e9s par les manifestants.<\/span><\/p>\n<p class=\"p3\"><span class=\"s3\">Un manifestant a particip\u00e9 dans la matin\u00e9e au rassemblement \u00e0 Alger. L\u2019apr\u00e8s-midi, il est revenu \u00e0 Hadjout, tr\u00e8s optimiste. \u00ab\u00a0Nous avons mis une heure pour quitter le barrage de Oued-Mazafran, pourtant nous avons pris le d\u00e9part \u00e0 07 h00 du matin, l\u2019essentiel est de continuer \u00e0 manifester, je vous assure que nous sommes tous satisfaits et optimistes, apr\u00e8s le mois de Ramadhan, rassurez-vous, le nombre des manifestants sera tr\u00e8s important\u00a0\u00bb avoue t-il, avant de nous quitter pour rejoindre la mar\u00e9e humaine.<\/span><\/p>\n<p class=\"p3\"><span class=\"s3\">Un groupe de femmes attend l\u2019arriv\u00e9e de la procession dans un coin de rue, avant d\u2019int\u00e9grer le groupe de manifestants. Quelques manifestants nous abordent, \u00ab\u00a0peut-on compter sur vous pour m\u00e9diatiser des conf\u00e9rences-d\u00e9bats que nous envisageons l\u2019organiser avec les citoyens prochainement ici dans la wilaya de Tipasa. Nous n\u2019allons pas vous d\u00e9voiler les lieux, maintenant, nous allons solliciter Karim Tabou et Me Bouchachi\u00a0\u00bb, concluent-ils.<\/span><\/p>\n<p class=\"p3\"><span class=\"s3\">Les contacts entre des animateurs des manifestations des localit\u00e9s de la wilaya sont entam\u00e9s. Le mois de Ramadhan tire \u00e0 sa fin, et les id\u00e9es commencent \u00e0 m\u00fbrir chez les animateurs du \u00ab\u00a0Hirak\u00a0\u00bb \u00e0 Tipasa. La non tenue du scrutin du 04 juillet chez les citoyens est d\u00e9j\u00e0 acquise.<\/span><\/p>\n<p class=\"p3\"><span class=\"s3\">Les manifestants estiment que le syst\u00e8me continue \u00e0 s\u00e9vir dans le quotidien, malgr\u00e9 la d\u00e9termination des administr\u00e9s. Les discours du patron de l\u2019ANP ne semblent pas les convaincre, en d\u00e9pit des interpellations des anciens hauts responsables du pays par la justice.\u00a0<\/span><\/p>\n<p class=\"p3\"><span class=\"s3\"><span class=\"Apple-converted-space\">\u00a0 \u00a0 \u00a0 \u00a0 \u00a0 \u00a0 \u00a0 \u00a0 \u00a0 \u00a0 \u00a0 \u00a0 \u00a0 \u00a0 \u00a0 \u00a0 \u00a0 \u00a0 \u00a0 \u00a0 \u00a0 \u00a0 \u00a0 \u00a0 \u00a0 \u00a0 \u00a0 \u00a0 \u00a0 \u00a0 \u00a0 \u00a0 \u00a0 \u00a0 \u00a0 \u00a0 \u00a0 \u00a0 \u00a0 \u00a0 \u00a0 \u00a0 \u00a0 \u00a0 \u00a0 \u00a0 \u00a0 \u00a0 \u00a0 \u00a0 \u00a0 \u00a0 \u00a0 \u00a0 \u00a0<\/span><\/span> <span class=\"s5\">\u00a0<\/span><\/p>\n<p><span class=\"post-views-label\">Post Views:<\/span> <span class=\"post-views-count\">395<\/span><\/p>\n<p>Auteur: Mourad Hachid<br \/>\n<a href=\"https:\/\/www.elwatan.com\/edition\/actualite\/tipasa-lidee-dun-hirak-organise-et-encadre-est-lancee-24-05-2019\">Cliquez ici pour lire l&rsquo;article depuis sa source.<\/a><\/p>\n","protected":false},"excerpt":{"rendered":"<p>Les citoyens des localit\u00e9s de Gouraya, Cherchell, Hadjout et Tipasa ont battu le pav\u00e9 pour ce 14\u00e8me vendredi, en rappelant leurs mots d\u2019ordre du 22 f\u00e9vrier 2019. Contact\u00e9s par nos soins, quelques animateurs de la r\u00e9volte populaire dans la wilaya de Tipasa nous ont confirm\u00e9 que l\u2019id\u00e9e d\u2019organiser et d\u2019encadrer le \u00ab\u00a0Hirak\u00a0\u00bb vient d\u2019\u00eatre lanc\u00e9e. [&hellip;]<\/p>\n","protected":false},"author":1743,"featured_media":36420,"comment_status":"closed","ping_status":"closed","sticky":false,"template":"","format":"standard","meta":{"fifu_image_url":"","fifu_image_alt":"","footnotes":""},"categories":[73,53],"tags":[],"class_list":["post-36419","post","type-post","status-publish","format-standard","has-post-thumbnail","hentry","category-actualite","category-algerie"],"_links":{"self":[{"href":"https:\/\/linitiative.ca\/International\/wp-json\/wp\/v2\/posts\/36419","targetHints":{"allow":["GET"]}}],"collection":[{"href":"https:\/\/linitiative.ca\/International\/wp-json\/wp\/v2\/posts"}],"about":[{"href":"https:\/\/linitiative.ca\/International\/wp-json\/wp\/v2\/types\/post"}],"author":[{"embeddable":true,"href":"https:\/\/linitiative.ca\/International\/wp-json\/wp\/v2\/users\/1743"}],"replies":[{"embeddable":true,"href":"https:\/\/linitiative.ca\/International\/wp-json\/wp\/v2\/comments?post=36419"}],"version-history":[{"count":0,"href":"https:\/\/linitiative.ca\/International\/wp-json\/wp\/v2\/posts\/36419\/revisions"}],"wp:featuredmedia":[{"embeddable":true,"href":"https:\/\/linitiative.ca\/International\/wp-json\/"}],"wp:attachment":[{"href":"https:\/\/linitiative.ca\/International\/wp-json\/wp\/v2\/media?parent=36419"}],"wp:term":[{"taxonomy":"category","embeddable":true,"href":"https:\/\/linitiative.ca\/International\/wp-json\/wp\/v2\/categories?post=36419"},{"taxonomy":"post_tag","embeddable":true,"href":"https:\/\/linitiative.ca\/International\/wp-json\/wp\/v2\/tags?post=36419"}],"curies":[{"name":"wp","href":"https:\/\/api.w.org\/{rel}","templated":true}]}}