{"id":36431,"date":"2019-05-24T04:46:03","date_gmt":"2019-05-24T08:46:03","guid":{"rendered":"https:\/\/linitiative.ca\/International\/casablanca-accueille-la-6eme-edition-du-salon-international-des-technologies-de-leau-et-de-lassainissement-siteau\/"},"modified":"2019-05-24T04:46:03","modified_gmt":"2019-05-24T08:46:03","slug":"casablanca-accueille-la-6eme-edition-du-salon-international-des-technologies-de-leau-et-de-lassainissement-siteau","status":"publish","type":"post","link":"https:\/\/linitiative.ca\/International\/casablanca-accueille-la-6eme-edition-du-salon-international-des-technologies-de-leau-et-de-lassainissement-siteau\/","title":{"rendered":"Casablanca accueille la 6\u00e8me \u00e9dition du Salon International des Technologies de l\u2019Eau et de l\u2019Assainissement \u00ab SITeau \u00bb"},"content":{"rendered":"<p>Sous le haut patronage de sa Majest\u00e9 le Roi Mohammed VI, Field Attitude coorganise du 11 au 13 juin 2019, \u00e0 l\u2019H\u00f4tel Hyatt Regency Casablanca, la sixi\u00e8me \u00e9dition du <strong>Salon International des Technologies de l\u2019Eau et de l\u2019Assainissement<\/strong> (SITeau).<\/p>\n<div class=\"c10\"\/>\n<p>Forte de l\u2019exp\u00e9rience de ses cinq pr\u00e9c\u00e9dentes \u00e9ditions, cette <strong>6<sup>\u00e8me<\/sup> \u00e9dition<\/strong> du <strong>SITeau<\/strong> se voudra \u00eatre un vecteur de rassemblement des parties prenantes nationales et internationales\u00a0 et des jeunes sur la question de la pr\u00e9servation de l\u2019eau, de l\u2019\u00e9nergie par l\u2019eau et pour l\u2019eau, dans le but de placer l\u2019eau dans le projet \u00ab\u00a0nouveau mod\u00e8le de d\u00e9veloppement\u00a0\u00bb engag\u00e9 au Maroc sur les directives de Sa Majest\u00e9 le Roi Mohammed VI.<\/p>\n<p>Un communiqu\u00e9 rappelle que cet \u00e9v\u00e9nement b\u00e9n\u00e9ficie du Label du neuvi\u00e8me Forum mondial de l\u2019eau qui se tiendra en mars 2021 \u00e0 Dakar au S\u00e9n\u00e9gal o\u00f9 le Maroc d\u00e9cerne \u00e0 chaque \u00e9dition le prestigieux Prix Hassan II pour l\u2019eau. \u00abExplorer la place de l\u2019eau et de l\u2019\u00e9nergie dans un nouveau mod\u00e8le de d\u00e9veloppement, int\u00e9grant les paradigmes \u201cchangements climatiques et transition \u00e9cologique\u201d, permettra aux participants de proposer des solutions innovantes, des m\u00e9thodologies et des sc\u00e9narios de gouvernance am\u00e9lior\u00e9e en consid\u00e9rant les approches publiques et leurs leviers r\u00e9glementaires et fiscaux\u00bb, souligne le communiqu\u00e9 des organisateurs.<\/p>\n<p>Rappelons que cette plateforme de d\u00e9bats offrira l\u2019occasion de s\u2019interroger, de proposer des voies alternatives, de valoriser les bonnes pratiques et de tirer des le\u00e7ons d\u2019exp\u00e9riences non abouties.<\/p>\n<div class=\"c17\">\n<fieldset class=\"c16\">\n<legend><strong><span class=\"c11\">Challenge<\/span><span class=\"c12\">news<\/span><\/strong><\/legend>\n<div class=\"c15\">Le meilleur de la r\u00e9daction s\u00e9lectionn\u00e9 par Challenge :<\/p>\n<\/div>\n<\/fieldset>\n<\/div>\n<p>Auteur: Hajar DARI<br \/>\n<a href=\"https:\/\/www.challenge.ma\/casablanca-accueille-la-6eme-edition-du-salon-international-des-technologies-de-leau-et-de-lassainissement-siteau-109528\/\">Cliquez ici pour lire l&rsquo;article depuis sa source.<\/a><\/p>\n","protected":false},"excerpt":{"rendered":"<p>Sous le haut patronage de sa Majest\u00e9 le Roi Mohammed VI, Field Attitude coorganise du 11 au 13 juin 2019, \u00e0 l\u2019H\u00f4tel Hyatt Regency Casablanca, la sixi\u00e8me \u00e9dition du Salon International des Technologies de l\u2019Eau et de l\u2019Assainissement (SITeau). Forte de l\u2019exp\u00e9rience de ses cinq pr\u00e9c\u00e9dentes \u00e9ditions, cette 6\u00e8me \u00e9dition du SITeau se voudra \u00eatre [&hellip;]<\/p>\n","protected":false},"author":1787,"featured_media":0,"comment_status":"closed","ping_status":"closed","sticky":false,"template":"","format":"standard","meta":{"fifu_image_url":"","fifu_image_alt":"","footnotes":""},"categories":[78,54],"tags":[],"class_list":["post-36431","post","type-post","status-publish","format-standard","hentry","category-economie","category-maroc"],"_links":{"self":[{"href":"https:\/\/linitiative.ca\/International\/wp-json\/wp\/v2\/posts\/36431","targetHints":{"allow":["GET"]}}],"collection":[{"href":"https:\/\/linitiative.ca\/International\/wp-json\/wp\/v2\/posts"}],"about":[{"href":"https:\/\/linitiative.ca\/International\/wp-json\/wp\/v2\/types\/post"}],"author":[{"embeddable":true,"href":"https:\/\/linitiative.ca\/International\/wp-json\/wp\/v2\/users\/1787"}],"replies":[{"embeddable":true,"href":"https:\/\/linitiative.ca\/International\/wp-json\/wp\/v2\/comments?post=36431"}],"version-history":[{"count":0,"href":"https:\/\/linitiative.ca\/International\/wp-json\/wp\/v2\/posts\/36431\/revisions"}],"wp:attachment":[{"href":"https:\/\/linitiative.ca\/International\/wp-json\/wp\/v2\/media?parent=36431"}],"wp:term":[{"taxonomy":"category","embeddable":true,"href":"https:\/\/linitiative.ca\/International\/wp-json\/wp\/v2\/categories?post=36431"},{"taxonomy":"post_tag","embeddable":true,"href":"https:\/\/linitiative.ca\/International\/wp-json\/wp\/v2\/tags?post=36431"}],"curies":[{"name":"wp","href":"https:\/\/api.w.org\/{rel}","templated":true}]}}