{"id":36437,"date":"2019-05-24T11:36:01","date_gmt":"2019-05-24T15:36:01","guid":{"rendered":"https:\/\/linitiative.ca\/International\/il-fait-lactu-moncef-belkhayat-president-de-la-fondation-mohammed-vi-des-champions-sportifs\/"},"modified":"2019-05-24T11:36:01","modified_gmt":"2019-05-24T15:36:01","slug":"il-fait-lactu-moncef-belkhayat-president-de-la-fondation-mohammed-vi-des-champions-sportifs","status":"publish","type":"post","link":"https:\/\/linitiative.ca\/International\/il-fait-lactu-moncef-belkhayat-president-de-la-fondation-mohammed-vi-des-champions-sportifs\/","title":{"rendered":"Il fait l\u2019actu : Moncef Belkhayat, pr\u00e9sident de la Fondation Mohammed VI des Champions Sportifs"},"content":{"rendered":"<p><strong>Moncef Belkhayat<\/strong>, pr\u00e9sident de la Fondation Mohammed VI des Champions Sportifs a \u00e9t\u00e9 reconduit dans ses fonctions par acclamation \u00e0 l\u2019issue de l\u2019assembl\u00e9e g\u00e9n\u00e9rale ordinaire \u00e9lective de la Fondation, tenue jeudi \u00e0 Casablanca.<\/p>\n<div class=\"c10\"\/>\n<p>Ensuite, l\u2019assembl\u00e9e g\u00e9n\u00e9rale a \u00e9lu 5 membres parmi 26 candidats, qui repr\u00e9senteront les champions sportifs au sein du nouveau conseil d\u2019administration, pr\u00e9cise un communiqu\u00e9 de la Fondation. Le nouveau conseil d\u2019administration de la Fondation Mohammed VI des Champions Sportifs se compose, quant \u00e0 lui, outre des membres \u00e9lus, des membres coopt\u00e9s par le Pr\u00e9sident.<\/p>\n<p>Dans son intervention, Mohamed Zerrei, commissaire aux comptes associ\u00e9 du cabinet Fidaroc Grant Thornton, a certifi\u00e9 les comptes financiers de la Fondation des 8 derni\u00e8res ann\u00e9es comptables sans aucune r\u00e9serve.<\/p>\n<p>D\u2019autre part, Belkhayat, qui \u00e9tait le seul candidat \u00e0 sa propre succession, a \u00e9num\u00e9r\u00e9, dans une allocution, \u2018\u2019les avanc\u00e9es remarquables\u2019\u2019 de la Fondation en termes de prestations sociales r\u00e9alis\u00e9es au profit de ses membres champions depuis sa cr\u00e9ation en Ao\u00fbt 2011.<\/p>\n<p>La Fondation, qui au vu de sa noble mission jouit de la reconnaissance d\u2019utilit\u00e9 publique, accompli quotidiennement des actions \u00e0 forte pr\u00e9dominance sociale en venant en aide aux anciens champions sportifs marocains qui, de par les al\u00e9as de la vie, se sont retrouv\u00e9s dans une situation sociale modeste.<\/p>\n<p>Dans la foul\u00e9e de son assembl\u00e9e g\u00e9n\u00e9rale, la Fondation a organis\u00e9 comme \u00e0 son accoutum\u00e9e un ftour en l\u2019honneur de ses membres, qui atteignent aujourd\u2019hui le nombre de 802 champions issus de 29 disciplines sportives.<\/p>\n<div class=\"c17\">\n<fieldset class=\"c16\">\n<legend><strong><span class=\"c11\">Challenge<\/span><span class=\"c12\">news<\/span><\/strong><\/legend>\n<div class=\"c15\">Le meilleur de la r\u00e9daction s\u00e9lectionn\u00e9 par Challenge :<\/p>\n<\/div>\n<\/fieldset>\n<\/div>\n<p>Auteur: challenge<br \/>\n<a href=\"https:\/\/www.challenge.ma\/il-fait-lactu-moncef-belkhayat-president-de-la-fondation-mohammed-vi-des-champions-sportifs-109547\/\">Cliquez ici pour lire l&rsquo;article depuis sa source.<\/a><\/p>\n","protected":false},"excerpt":{"rendered":"<p>Moncef Belkhayat, pr\u00e9sident de la Fondation Mohammed VI des Champions Sportifs a \u00e9t\u00e9 reconduit dans ses fonctions par acclamation \u00e0 l\u2019issue de l\u2019assembl\u00e9e g\u00e9n\u00e9rale ordinaire \u00e9lective de la Fondation, tenue jeudi \u00e0 Casablanca. Ensuite, l\u2019assembl\u00e9e g\u00e9n\u00e9rale a \u00e9lu 5 membres parmi 26 candidats, qui repr\u00e9senteront les champions sportifs au sein du nouveau conseil d\u2019administration, pr\u00e9cise [&hellip;]<\/p>\n","protected":false},"author":1787,"featured_media":0,"comment_status":"closed","ping_status":"closed","sticky":false,"template":"","format":"standard","meta":{"fifu_image_url":"","fifu_image_alt":"","footnotes":""},"categories":[78,54],"tags":[],"class_list":["post-36437","post","type-post","status-publish","format-standard","hentry","category-economie","category-maroc"],"_links":{"self":[{"href":"https:\/\/linitiative.ca\/International\/wp-json\/wp\/v2\/posts\/36437","targetHints":{"allow":["GET"]}}],"collection":[{"href":"https:\/\/linitiative.ca\/International\/wp-json\/wp\/v2\/posts"}],"about":[{"href":"https:\/\/linitiative.ca\/International\/wp-json\/wp\/v2\/types\/post"}],"author":[{"embeddable":true,"href":"https:\/\/linitiative.ca\/International\/wp-json\/wp\/v2\/users\/1787"}],"replies":[{"embeddable":true,"href":"https:\/\/linitiative.ca\/International\/wp-json\/wp\/v2\/comments?post=36437"}],"version-history":[{"count":0,"href":"https:\/\/linitiative.ca\/International\/wp-json\/wp\/v2\/posts\/36437\/revisions"}],"wp:attachment":[{"href":"https:\/\/linitiative.ca\/International\/wp-json\/wp\/v2\/media?parent=36437"}],"wp:term":[{"taxonomy":"category","embeddable":true,"href":"https:\/\/linitiative.ca\/International\/wp-json\/wp\/v2\/categories?post=36437"},{"taxonomy":"post_tag","embeddable":true,"href":"https:\/\/linitiative.ca\/International\/wp-json\/wp\/v2\/tags?post=36437"}],"curies":[{"name":"wp","href":"https:\/\/api.w.org\/{rel}","templated":true}]}}