{"id":36441,"date":"2019-05-24T10:16:33","date_gmt":"2019-05-24T14:16:33","guid":{"rendered":"https:\/\/linitiative.ca\/International\/tunisie-demission-du-maire-de-sousse\/"},"modified":"2019-05-24T10:16:33","modified_gmt":"2019-05-24T14:16:33","slug":"tunisie-demission-du-maire-de-sousse","status":"publish","type":"post","link":"https:\/\/linitiative.ca\/International\/tunisie-demission-du-maire-de-sousse\/","title":{"rendered":"Tunisie: D\u00e9mission du maire de Sousse"},"content":{"rendered":"<div class=\"post-cont-in left relative\">\n<div class=\"swp_social_panel swp_horizontal_panel swp_flat_fresh swp_default_full_color swp_individual_full_color swp_other_full_color scale-100 scale-\" data-min-width=\"1100\" data-float-color=\"#ffffff\" data-float=\"none\" data-float-mobile=\"none\" data-transition=\"slide\">\n<div class=\"nc_tweetContainer swp_share_button total_shares total_sharesalt\"><span class=\"swp_count\">161 <span class=\"swp_label\">Partages<\/span><\/span><\/div>\n<\/div>\n<p>Le conseiller municipal et pr\u00e9sident du comit\u00e9 des affaires administratives de la municipalit\u00e9 de Sousse, Safouane Farouk a annonc\u00e9 que le maire, Taoufik Areibi a pr\u00e9sent\u00e9 sa d\u00e9mission apr\u00e8s une r\u00e9union tenue ce vendredi, 24 mai 2019.<\/p>\n<p>Farouk a expliqu\u00e9 qu\u2019il y avait un d\u00e9saccord s\u00e9rieux entre les conseillers sur la redistribution des comit\u00e9s: un groupe \u00e9largi a appel\u00e9 \u00e0 la n\u00e9cessit\u00e9 de redistribuer et de transmettre la demande au conseil municipal, tandis que l\u2019autre groupe l\u2019a rejet\u00e9e, demandant le passage par le tribunal administratif.<\/p>\n<div class=\"code-block code-block-1 c3\"><ins class=\"adsbygoogle c2\" data-ad-layout=\"in-article\" data-ad-format=\"fluid\" data-ad-client=\"ca-pub-2102118777505746\" data-ad-slot=\"7301775417\"\/> <\/div>\n<p>Il a ajout\u00e9 que ce sont les pressions d\u2019Ennahdha et du Courant D\u00e9mocratique qui ont pouss\u00e9 le maire \u00e0 d\u00e9missionner, pr\u00e9voyant que de nouvelles d\u00e9missions devraient \u00eatre pr\u00e9sent\u00e9es au cours de la p\u00e9riode \u00e0 venir.<\/p>\n<div class=\"mvp-org-wrap mvp-org-logo\" itemprop=\"publisher\" itemscope=\"\" itemtype=\"https:\/\/schema.org\/Organization\"><img decoding=\"async\" src=\"https:\/\/www.tunisienumerique.com\/wp-content\/uploads\/2017\/02\/logo_tunisie_numerique.png\"\/><\/div>\n<div class=\"swp_social_panel swp_horizontal_panel swp_flat_fresh swp_default_full_color swp_individual_full_color swp_other_full_color scale-100 scale-\" data-min-width=\"1100\" data-float-color=\"#ffffff\" data-float=\"none\" data-float-mobile=\"none\" data-transition=\"slide\">\n<div class=\"nc_tweetContainer swp_share_button total_shares total_sharesalt\"><span class=\"swp_count\">161 <span class=\"swp_label\">Partages<\/span><\/span><\/div>\n<\/div>\n<div class=\"mvp-related-posts left relative\">\n<h4 class=\"post-header\"><span class=\"post-header\">Lire aussi<\/span><\/h4>\n<\/div>\n<\/div>\n<p>Auteur: Mourad S<br \/>\n<a href=\"https:\/\/www.tunisienumerique.com\/tunisie-demission-du-maire-de-sousse\/\">Cliquez ici pour lire l&rsquo;article depuis sa source.<\/a><\/p>\n","protected":false},"excerpt":{"rendered":"<p>161 Partages Le conseiller municipal et pr\u00e9sident du comit\u00e9 des affaires administratives de la municipalit\u00e9 de Sousse, Safouane Farouk a annonc\u00e9 que le maire, Taoufik Areibi a pr\u00e9sent\u00e9 sa d\u00e9mission apr\u00e8s une r\u00e9union tenue ce vendredi, 24 mai 2019. Farouk a expliqu\u00e9 qu\u2019il y avait un d\u00e9saccord s\u00e9rieux entre les conseillers sur la redistribution des [&hellip;]<\/p>\n","protected":false},"author":1789,"featured_media":36442,"comment_status":"closed","ping_status":"closed","sticky":false,"template":"","format":"standard","meta":{"fifu_image_url":"","fifu_image_alt":"","footnotes":""},"categories":[73,55],"tags":[],"class_list":["post-36441","post","type-post","status-publish","format-standard","has-post-thumbnail","hentry","category-actualite","category-tunisie"],"_links":{"self":[{"href":"https:\/\/linitiative.ca\/International\/wp-json\/wp\/v2\/posts\/36441","targetHints":{"allow":["GET"]}}],"collection":[{"href":"https:\/\/linitiative.ca\/International\/wp-json\/wp\/v2\/posts"}],"about":[{"href":"https:\/\/linitiative.ca\/International\/wp-json\/wp\/v2\/types\/post"}],"author":[{"embeddable":true,"href":"https:\/\/linitiative.ca\/International\/wp-json\/wp\/v2\/users\/1789"}],"replies":[{"embeddable":true,"href":"https:\/\/linitiative.ca\/International\/wp-json\/wp\/v2\/comments?post=36441"}],"version-history":[{"count":0,"href":"https:\/\/linitiative.ca\/International\/wp-json\/wp\/v2\/posts\/36441\/revisions"}],"wp:featuredmedia":[{"embeddable":true,"href":"https:\/\/linitiative.ca\/International\/wp-json\/"}],"wp:attachment":[{"href":"https:\/\/linitiative.ca\/International\/wp-json\/wp\/v2\/media?parent=36441"}],"wp:term":[{"taxonomy":"category","embeddable":true,"href":"https:\/\/linitiative.ca\/International\/wp-json\/wp\/v2\/categories?post=36441"},{"taxonomy":"post_tag","embeddable":true,"href":"https:\/\/linitiative.ca\/International\/wp-json\/wp\/v2\/tags?post=36441"}],"curies":[{"name":"wp","href":"https:\/\/api.w.org\/{rel}","templated":true}]}}