{"id":36445,"date":"2019-05-24T11:13:48","date_gmt":"2019-05-24T15:13:48","guid":{"rendered":"https:\/\/linitiative.ca\/International\/tunisie-un-incendie-se-declare-dans-un-chalutier-a-quai\/"},"modified":"2019-05-24T11:13:48","modified_gmt":"2019-05-24T15:13:48","slug":"tunisie-un-incendie-se-declare-dans-un-chalutier-a-quai","status":"publish","type":"post","link":"https:\/\/linitiative.ca\/International\/tunisie-un-incendie-se-declare-dans-un-chalutier-a-quai\/","title":{"rendered":"Tunisie \u2013 Un incendie se d\u00e9clare dans un chalutier \u00e0 quai"},"content":{"rendered":"<div class=\"post-cont-in left relative\">\n<div class=\"swp_social_panel swp_horizontal_panel swp_flat_fresh swp_default_full_color swp_individual_full_color swp_other_full_color scale-100 scale-\" data-min-width=\"1100\" data-float-color=\"#ffffff\" data-float=\"none\" data-float-mobile=\"none\" data-transition=\"slide\">\n<div class=\"nc_tweetContainer swp_share_button total_shares total_sharesalt\"><span class=\"swp_count\">12 <span class=\"swp_label\">Partages<\/span><\/span><\/div>\n<\/div>\n<p>Un incendie s\u2019est d\u00e9clar ce vendredi, dans un chalutier qui\u00a0se trouvait\u00a0\u00e0 quai dans le port de p\u00eache de Sfax.<\/p>\n<p>Des sources de la protection civile ont privil\u00e9gi\u00e9 la th\u00e8se de l\u2019accident, vu que le\u00a0feu s\u2019est d\u00e9clar\u00e9 \u00e0 bord, alors que l\u2019embarcation faisait l\u2019objet de de r\u00e9paration dont des des travaux de soudure.<\/p>\n<div class=\"code-block code-block-1 c3\"><ins class=\"adsbygoogle c2\" data-ad-layout=\"in-article\" data-ad-format=\"fluid\" data-ad-client=\"ca-pub-2102118777505746\" data-ad-slot=\"7301775417\"\/> <\/div>\n<p>Une enqu\u00eate judiciaire a n\u00e9anmoins \u00e9t\u00e9 diligent\u00e9e, afin de d\u00e9terminer les circonstances exactes du sinistre.<\/p>\n<div class=\"mvp-org-wrap mvp-org-logo\" itemprop=\"publisher\" itemscope=\"\" itemtype=\"https:\/\/schema.org\/Organization\"><img decoding=\"async\" src=\"https:\/\/www.tunisienumerique.com\/wp-content\/uploads\/2017\/02\/logo_tunisie_numerique.png\"\/><\/div>\n<div class=\"swp_social_panel swp_horizontal_panel swp_flat_fresh swp_default_full_color swp_individual_full_color swp_other_full_color scale-100 scale-\" data-min-width=\"1100\" data-float-color=\"#ffffff\" data-float=\"none\" data-float-mobile=\"none\" data-transition=\"slide\">\n<div class=\"nc_tweetContainer swp_share_button total_shares total_sharesalt\"><span class=\"swp_count\">12 <span class=\"swp_label\">Partages<\/span><\/span><\/div>\n<\/div>\n<div class=\"mvp-related-posts left relative\">\n<h4 class=\"post-header\"><span class=\"post-header\">Lire aussi<\/span><\/h4>\n<\/div>\n<\/div>\n<p>Auteur: LM<br \/>\n<a href=\"https:\/\/www.tunisienumerique.com\/tunisie-un-incendie-se-declare-dans-un-chalutier-a-quai\/\">Cliquez ici pour lire l&rsquo;article depuis sa source.<\/a><\/p>\n","protected":false},"excerpt":{"rendered":"<p>12 Partages Un incendie s\u2019est d\u00e9clar ce vendredi, dans un chalutier qui\u00a0se trouvait\u00a0\u00e0 quai dans le port de p\u00eache de Sfax. Des sources de la protection civile ont privil\u00e9gi\u00e9 la th\u00e8se de l\u2019accident, vu que le\u00a0feu s\u2019est d\u00e9clar\u00e9 \u00e0 bord, alors que l\u2019embarcation faisait l\u2019objet de de r\u00e9paration dont des des travaux de soudure. Une [&hellip;]<\/p>\n","protected":false},"author":1789,"featured_media":36446,"comment_status":"closed","ping_status":"closed","sticky":false,"template":"","format":"standard","meta":{"fifu_image_url":"","fifu_image_alt":"","footnotes":""},"categories":[73,55],"tags":[],"class_list":["post-36445","post","type-post","status-publish","format-standard","has-post-thumbnail","hentry","category-actualite","category-tunisie"],"_links":{"self":[{"href":"https:\/\/linitiative.ca\/International\/wp-json\/wp\/v2\/posts\/36445","targetHints":{"allow":["GET"]}}],"collection":[{"href":"https:\/\/linitiative.ca\/International\/wp-json\/wp\/v2\/posts"}],"about":[{"href":"https:\/\/linitiative.ca\/International\/wp-json\/wp\/v2\/types\/post"}],"author":[{"embeddable":true,"href":"https:\/\/linitiative.ca\/International\/wp-json\/wp\/v2\/users\/1789"}],"replies":[{"embeddable":true,"href":"https:\/\/linitiative.ca\/International\/wp-json\/wp\/v2\/comments?post=36445"}],"version-history":[{"count":0,"href":"https:\/\/linitiative.ca\/International\/wp-json\/wp\/v2\/posts\/36445\/revisions"}],"wp:featuredmedia":[{"embeddable":true,"href":"https:\/\/linitiative.ca\/International\/wp-json\/"}],"wp:attachment":[{"href":"https:\/\/linitiative.ca\/International\/wp-json\/wp\/v2\/media?parent=36445"}],"wp:term":[{"taxonomy":"category","embeddable":true,"href":"https:\/\/linitiative.ca\/International\/wp-json\/wp\/v2\/categories?post=36445"},{"taxonomy":"post_tag","embeddable":true,"href":"https:\/\/linitiative.ca\/International\/wp-json\/wp\/v2\/tags?post=36445"}],"curies":[{"name":"wp","href":"https:\/\/api.w.org\/{rel}","templated":true}]}}