{"id":36466,"date":"2019-05-23T17:46:32","date_gmt":"2019-05-23T21:46:32","guid":{"rendered":"https:\/\/linitiative.ca\/International\/greve-du-syntsha-le-gouvernement-deplore-des-deces\/"},"modified":"2019-05-23T17:46:32","modified_gmt":"2019-05-23T21:46:32","slug":"greve-du-syntsha-le-gouvernement-deplore-des-deces","status":"publish","type":"post","link":"https:\/\/linitiative.ca\/International\/greve-du-syntsha-le-gouvernement-deplore-des-deces\/","title":{"rendered":"Gr\u00e8ve du SYNTSHA : le gouvernement d\u00e9plore des d\u00e9ces"},"content":{"rendered":"<div class=\"td-post-featured-image\"><a href=\"https:\/\/i0.wp.com\/www.sidwaya.info\/wp-content\/uploads\/2019\/05\/1-65.jpg?fit=728%2C491&#038;ssl=1\" data-caption=\"\"><img loading=\"lazy\" decoding=\"async\" width=\"696\" height=\"469\" class=\"entry-thumb td-modal-image\" src=\"https:\/\/i0.wp.com\/www.sidwaya.info\/wp-content\/uploads\/2019\/05\/1-65.jpg?resize=696%2C469&#038;ssl=1\" srcset=\"https:\/\/i0.wp.com\/www.sidwaya.info\/wp-content\/uploads\/2019\/05\/1-65.jpg?w=728&#038;ssl=1 728w, https:\/\/i0.wp.com\/www.sidwaya.info\/wp-content\/uploads\/2019\/05\/1-65.jpg?resize=300%2C202&#038;ssl=1 300w, https:\/\/i0.wp.com\/www.sidwaya.info\/wp-content\/uploads\/2019\/05\/1-65.jpg?resize=696%2C469&#038;ssl=1 696w, https:\/\/i0.wp.com\/www.sidwaya.info\/wp-content\/uploads\/2019\/05\/1-65.jpg?resize=623%2C420&#038;ssl=1 623w\" sizes=\"auto, (max-width: 696px) 100vw, 696px\" alt=\"\" title=\"1\"\/><\/a><\/div>\n<div class=\"td-a-rec td-a-rec-id-content_top td_uid_30_5ce865a9cab82_rand td_block_template_1\"><img loading=\"lazy\" decoding=\"async\" class=\"aligncenter size-full wp-image-4463\" src=\"https:\/\/www.sidwaya.info\/wp-content\/uploads\/2019\/02\/FESPACO-TOUR-2019-Bannie%CC%80re-728x90-1.jpg\" alt=\"\" width=\"728\" height=\"90\"\/><\/div>\n<p><strong>La traditionnelle conf\u00e9rence de presse du gouvernement a r\u00e9uni, le jeudi 23 mai 2019 \u00e0 Ouagadougou, les ministres en charge de l\u2019\u00e9ducation nationale, Pr Stanislas Ouaro et celui de la Sant\u00e9, Pr L\u00e9onie Claudine Lougu\u00e9. Elle a port\u00e9 essentiellement sur les pr\u00e9paratifs des examens de l\u2019ann\u00e9e scolaire 2018-2019 et le protocole d\u2019accord avec les syndicats de la Sant\u00e9 sur la Fonction publique hospitali\u00e8re.<\/strong><\/p>\n<p>La gr\u00e8ve des agents de sant\u00e9 a d\u00e9j\u00e0 caus\u00e9 de nombreuses victimes. C\u2019est la ministre de la Sant\u00e9, L\u00e9onie Claudine Lougu\u00e9 qui l\u2019a dit, lors du point de presse du gouvernement. Elle a expliqu\u00e9 qu\u2019en d\u00e9pit des dispositions prises pour assurer le service minimum dans les services vitaux, deux nouveau-n\u00e9s seraient d\u00e9c\u00e9d\u00e9s \u00e0 la suite de l\u2019arr\u00eat de travail. De plus, deux femmes ont perdu la vie bien qu\u2019elles ont b\u00e9n\u00e9fici\u00e9 des soins. Qu\u2019est-ce-qui sera fait pour sauver d\u2019autres vies ? A cette question, la ministre Lougu\u00e9 a dit d\u00e9plorer la situation qui interpelle, \u00e0 l\u2019entendre, toute la population.<\/p>\n<p>\u00abLe gouvernement reste ouvert pour la poursuite du dialogue social et fonde l\u2019espoir que les partenaires sociaux vont \u0153uvrer \u00e0 garantir l\u2019offre de soins aux populations\u00bb, a-t-elle souhait\u00e9. Mme Lougu\u00e9 s\u2019est aussi attard\u00e9e sur la question des carri\u00e8res des agents, qui exigent le reclassement en A1 des attach\u00e9s de sant\u00e9 et des conseillers d\u2019\u00e9levage. Concernant la Fonction publique hospitali\u00e8re (FPH), elle a affirm\u00e9 que son op\u00e9rationnalisation se poursuit avec l\u2019adoption de certains textes.<\/p>\n<p><strong>R\u00e9am\u00e9nager les programmes d\u2019enseignement<\/strong><\/p>\n<p>Lors du point de presse, la finalisation de la r\u00e9daction du statut valorisant, le traitement des indemnit\u00e9s de logement et sp\u00e9cifiques, le dossier relatif \u00e0 la bonification d\u2019\u00e9chelon et celui des agents des ex-garderies ont \u00e9t\u00e9 minutieusement \u2018\u2019d\u00e9crypt\u00e9s\u2019\u2019 par le ministre en charge de l\u2019\u00e9ducation nationale, Pr Stanislas Ouaro. Il a indiqu\u00e9 que tous ces dossiers sont sur la \u2018\u2019bonne voie\u2019\u2019, avec le concours de toutes les directions de son d\u00e9partement et du minist\u00e8re en charge des finances. Ce constat a \u00e9t\u00e9 aussi fait au niveau de la bonification d\u2019\u00e9chelon : \u00abA ce jour, plus de la moiti\u00e9 des actes ont \u00e9t\u00e9 sign\u00e9s certes. Mais un retard n\u2019a pas permis d\u2019assurer la correction financi\u00e8re de tous les actes pris\u00bb, a-t-il justifi\u00e9. Et d\u2019ajouter qu\u2019au cours du mois de juin, l\u2019accent sera mis sur le dossier de bonification, avant que les techniciens du minist\u00e8re de la Fonction publique, ne soient pris pour le traitement des dossiers des sortants des \u00e9coles \u00e0 partir de juillet. \u00abLes responsables des structures r\u00e9gionales prendront des mesures pour faire le point de la situation des agents qui n\u2019auraient pas b\u00e9n\u00e9fici\u00e9 de leurs indemnit\u00e9s.<\/p>\n<p>Quant \u00e0 l\u2019allocation de la part des indemnit\u00e9s pr\u00e9vues au titre de l\u2019ann\u00e9e 2019, elle pourrait intervenir en septembre\u00bb, a clarifi\u00e9 le ministre Ouaro. En ce qui concerne les pr\u00e9paratifs des examens de 2019, il a soulign\u00e9 qu\u2019ils se d\u00e9rouleront du 6 au 20 juin, avec un budget de plus de 14 milliards F CFA. 419 260 candidats prendront part au CEP, pr\u00e9vu pour le 11 juin, 304 096 au BEPC contre 314 387 en 2018, soit une r\u00e9gression de 3,27%. Le BEPC, les BEP et CAP d\u00e9buteront le 6 juin. Pour lui, la baisse des effectifs est due \u00e0 la situation s\u00e9curitaire qui pr\u00e9vaut dans les r\u00e9gions de l\u2019Est, du Sahel et du Nord. Le premier responsable de l\u2019Education nationale a pr\u00e9cis\u00e9 qu\u2019\u00e0 la date du 17 mai, 1933 \u00e9coles et \u00e9tablissements postprimaires et secondaires sont ferm\u00e9s, 326 152 \u00e9l\u00e8ves affect\u00e9s par la situation s\u00e9curitaire et 9 042 enseignants seraient hors des classes.<\/p>\n<p>A la question de savoir ce qui sera fait pour la r\u00e9ouverture de ces \u00e9coles, Pr Ouaro a rassur\u00e9 qu\u2019une strat\u00e9gie est men\u00e9e pour le r\u00e9am\u00e9nagement des programmes d\u2019enseignement en fonction des publics- cibles et des n\u00e9cessit\u00e9s de rattrapage des retards. Le porte-parole du gouvernement, R\u00e9mis Fulgance Dandjinou, a \u00e9t\u00e9 interpell\u00e9 sur des questions d\u2019actualit\u00e9 nationale relatives \u00e0 la sant\u00e9 de Djibrill Bassol\u00e9, \u00e0 la for\u00eat de Kua et au passage des Editions Sidwaya et de la RTB aux soci\u00e9t\u00e9s d\u2019Etat.<\/p>\n<p>Sur ce dernier point, il a laiss\u00e9 entendre que le Conseil des ministres va statuer sur le dossier et d\u00e9cider de la d\u00e9marche \u00e0 suivre. Se pronon\u00e7ant sur la sant\u00e9 de M. Bassol\u00e9, il a rappel\u00e9 qu\u2019il n\u2019est ni son m\u00e9decin encore moins son conseiller pour savoir ce dont il souffre. Quant \u00e0 la for\u00eat de Kua qui d\u00e9fraie la chronique, le ministre Dandjinou a clarifi\u00e9 que le site de Kua a \u00e9t\u00e9 retenue parmi plusieurs propos\u00e9s par les acteurs.<\/p>\n<p class=\"c1\"><strong>\u00a0Afs\u00e9tou SAWADOGO<\/strong><\/p>\n<div class=\"td-a-rec td-a-rec-id-content_bottom td_uid_31_5ce865a9cad58_rand td_block_template_1\"><img loading=\"lazy\" decoding=\"async\" class=\"alignright size-full wp-image-1724\" src=\"https:\/\/www.sidwaya.info\/wp-content\/uploads\/2018\/12\/sidwaya-pub.jpg\" alt=\"\" width=\"720\" height=\"90\"\/><\/div>\n<p>Auteur: DD. Sidwaya<br \/>\n<a href=\"https:\/\/www.sidwaya.info\/blog\/2019\/05\/23\/greve-du-syntsha-le-gouvernement-deplore-des-deces\/\">Cliquez ici pour lire l&rsquo;article depuis sa source.<\/a><\/p>\n","protected":false},"excerpt":{"rendered":"<p>La traditionnelle conf\u00e9rence de presse du gouvernement a r\u00e9uni, le jeudi 23 mai 2019 \u00e0 Ouagadougou, les ministres en charge de l\u2019\u00e9ducation nationale, Pr Stanislas Ouaro et celui de la Sant\u00e9, Pr L\u00e9onie Claudine Lougu\u00e9. Elle a port\u00e9 essentiellement sur les pr\u00e9paratifs des examens de l\u2019ann\u00e9e scolaire 2018-2019 et le protocole d\u2019accord avec les syndicats [&hellip;]<\/p>\n","protected":false},"author":1816,"featured_media":0,"comment_status":"closed","ping_status":"closed","sticky":false,"template":"","format":"standard","meta":{"fifu_image_url":"","fifu_image_alt":"","footnotes":""},"categories":[73,81],"tags":[],"class_list":["post-36466","post","type-post","status-publish","format-standard","hentry","category-actualite","category-burkina-faso"],"_links":{"self":[{"href":"https:\/\/linitiative.ca\/International\/wp-json\/wp\/v2\/posts\/36466","targetHints":{"allow":["GET"]}}],"collection":[{"href":"https:\/\/linitiative.ca\/International\/wp-json\/wp\/v2\/posts"}],"about":[{"href":"https:\/\/linitiative.ca\/International\/wp-json\/wp\/v2\/types\/post"}],"author":[{"embeddable":true,"href":"https:\/\/linitiative.ca\/International\/wp-json\/wp\/v2\/users\/1816"}],"replies":[{"embeddable":true,"href":"https:\/\/linitiative.ca\/International\/wp-json\/wp\/v2\/comments?post=36466"}],"version-history":[{"count":0,"href":"https:\/\/linitiative.ca\/International\/wp-json\/wp\/v2\/posts\/36466\/revisions"}],"wp:attachment":[{"href":"https:\/\/linitiative.ca\/International\/wp-json\/wp\/v2\/media?parent=36466"}],"wp:term":[{"taxonomy":"category","embeddable":true,"href":"https:\/\/linitiative.ca\/International\/wp-json\/wp\/v2\/categories?post=36466"},{"taxonomy":"post_tag","embeddable":true,"href":"https:\/\/linitiative.ca\/International\/wp-json\/wp\/v2\/tags?post=36466"}],"curies":[{"name":"wp","href":"https:\/\/api.w.org\/{rel}","templated":true}]}}