{"id":36500,"date":"2019-05-24T06:48:19","date_gmt":"2019-05-24T10:48:19","guid":{"rendered":"https:\/\/linitiative.ca\/International\/camair-co-pas-des-fonds-pour-la-location-dun-aeronef\/"},"modified":"2019-05-24T06:48:19","modified_gmt":"2019-05-24T10:48:19","slug":"camair-co-pas-des-fonds-pour-la-location-dun-aeronef","status":"publish","type":"post","link":"https:\/\/linitiative.ca\/International\/camair-co-pas-des-fonds-pour-la-location-dun-aeronef\/","title":{"rendered":"Camair co : pas des fonds pour la location d\u2019un a\u00e9ronef"},"content":{"rendered":"<p>C\u2019est le 26 avril 2019, qu\u2019\u00e0 travers un message sans surprise, que Cameroon Airlines Corporation (<strong>Camair co<\/strong>) annon\u00e7ait \u00e0 ses partenaires commerciaux, la \u00ab<em>fermeture de ses vols r\u00e9gionaux \u00e0 la vente<\/em>\u00bb. Officiellement \u00ab<em>en attendant\u00a0 l\u2019entr\u00e9e en service d\u2019un nouvel a\u00e9ronef<\/em>\u00bb. Rassurant dans le m\u00eame message le \u00ab<em>maintien \u00e0 la vente des vols domestiques<\/em>\u00bb. Cons\u00e9quence \u00e9vidente de cette suspension des services r\u00e9gionaux de la Camair co, <em>\u00ab\u00a0l\u2019arr\u00eat quasi-total de l\u2019exploitation de la compagnie en raison des Aog de sa flotte dus au manque de moyens financiers<\/em>\u00a0\u00bb, d\u2019apr\u00e8s le contenu d\u2019un pr\u00e9avis de gr\u00e8ve lanc\u00e9 le 24 avril 2019 par le collectif des syndicats nationaux des transports a\u00e9riens. Malgr\u00e9 une accalmie sociale apparente au sein de la compagnie, sa situation financi\u00e8re reste confortablement install\u00e9e dans une zone rouge.<\/p>\n<hr\/>\n<h4><strong>>> Lire aussi \u2013 <a title=\"Arr\u00eat des vols Camair-Co en Afrique centrale et de l\u2019Ouest\" href=\"https:\/\/ecomatin.net\/transport-aerien-arret-des-vols-camair-co-en-afrique-centrale-et-de-louest\/\" target=\"_blank\" rel=\"noopener noreferrer\">Arr\u00eat des vols Camair-Co en Afrique centrale et de l\u2019Ouest<\/a><br \/><\/strong><\/h4>\n<hr\/>\n<p>Par correspondance du 6 mai 2019<strong>, Louis Georges Njipendji<\/strong>, le pr\u00e9sident du conseil d\u2019administration de la Camair co autorisait <strong>Ernest Dikoum<\/strong>, le directeur g\u00e9n\u00e9ral, de signer avec la soci\u00e9t\u00e9 <strong>National Airways<\/strong>, un contrat de location d\u2019un a\u00e9ronef de marque \u00a0\u00bb <strong>Embraer ERJ 145<\/strong>\u00ab\u00a0. Ce, conform\u00e9ment aux r\u00e9solutions du conseil d\u2019administration du 26 avril 2019. Au terme duquel des mesures transitoires de redressement ont \u00e9t\u00e9 prises. Notamment, \u00ab\u00a0<em>la r\u00e9duction des fr\u00e9quences et des dessertes non rentables, la stabilisation de la flotte,\u00a0 avec au moins 1 MA60, 1 Q400, le B737 de Karinou et un autre avion de location, la reconstitution de la flotte de la compagnie \u00e0 tr\u00e8s moyen terme avec l\u2019acquisition au moins de 2 Boeing 737 NG en \u00e9change\u2026.<\/em>\u00a0\u00bb.<\/p>\n<p><strong>Divergence<\/strong><\/p>\n<p>La notification du pr\u00e9sident du conseil d\u2019administration \u00e0 son DG, bien qu\u2019en conformit\u00e9 avec les mesures de crise \u00e0 appliquer, m\u00e9conna\u00eet pourtant la situation catastrophique de la tr\u00e9sorerie de la Camair co. En r\u00e9ponse \u00e0 Louis Georges Njipendji, Ernest Dikoum confirme en effet, dans une correspondance \u00e9galement adress\u00e9e le 6 mai 2019, la forte tension de tr\u00e9sorerie qui frappe de plein fouet \u00ab<em>l\u2019Etoile du Cameroun<\/em>\u00bb, Camair co: \u00ab<em>je voudrais signaler l\u2019indisponibilit\u00e9 en l\u2019\u00e9tat actuel de la tr\u00e9sorerie de Camair co\u2026.\u00bb<\/em>. Dans une pr\u00e9c\u00e9dente correspondance en date du 2 mai 2019, Ernest Dikoum pr\u00e9sentait au pr\u00e9sident du conseil d\u2019administration \u00ab\u00a0<em>le comparatif des trois offres re\u00e7ues<\/em>\u00a0\u00bb afin de permettre \u00e0 ce dernier de \u00ab<em>d\u00e9terminer laquelle choisir<\/em>\u00bb. Dans la correspondance du 6 mai, le DG recadre en indiquant \u00ab\u2026.<em>permettez-moi \u00e0 toutes fins utiles que ma lettre du 2 mai 2019 visait \u00e0 vous pr\u00e9senter le comparatif des trois offres re\u00e7ues, afin de vous permettre de d\u00e9terminer laquelle choisir. L\u2019objectif n\u2019\u00e9tait pas de solliciter l\u2019autorisation du conseil d\u2019administration pour la location aupr\u00e8s de la soci\u00e9t\u00e9 National Airways d\u2019un a\u00e9ronef Embraer ERJ 145, comme il a \u00e9t\u00e9 indiqu\u00e9 dans votre correspondance\u2026.\u00bb.<\/em><\/p>\n<hr\/>\n<h4><strong>>> Lire aussi \u2013 <a title=\"Camair co : echec du plan de relance Boeing\" href=\"https:\/\/ecomatin.net\/camair-co-echec-du-plan-de-relance-boeing\/\" target=\"_blank\" rel=\"noopener noreferrer\">Camair co : echec du plan de relance Boeing<\/a><br \/><\/strong><\/h4>\n<hr\/>\n<p>Au-del\u00e0 de cette divergence d\u2019approche, Ernest Dikoum d\u00e9voile dans sa correspondance que le fonds de caisse de Camair co, apr\u00e8s \u00ab<em>avoir pris acte du choix du conseil d\u2019administration port\u00e9 sur la National Airways<\/em>\u00bb que, \u00ab<em>nous ne disposons pas de la somme n\u00e9cessaire au r\u00e8glement du d\u00e9posit, condition pr\u00e9alable \u00e0 la location de l\u2019a\u00e9ronef Embraer ERJ 145 en ACMI<\/em>\u00bb. Le montant du d\u00e9posit \u00e9tant \u00e9valu\u00e9 \u00e0 <strong>171.843.750 Fcfa<\/strong>, somme indisponible dans les caisses Camair co.<\/p>\n<div class=\"about-author about-author-box container-wrapper\">\n<div class=\"author-avatar\">\n<p><img decoding=\"async\" src=\"http:\/\/\" alt=\"\"\/><\/p>\n<\/div>\n<p><h4>La R\u00e9daction EcoMatin<\/h4>\n<\/p>\n<\/div>\n<div class=\"awac-wrapper awac widget blog_subscription-2\">\n<h4 class=\"widget-title\">Abonnez-vous \u00e0 notre lettre d&rsquo;information<\/h4>\n<\/div>\n<p>Auteur: EcoMatin<br \/>\n<a href=\"https:\/\/ecomatin.net\/camair-co-pas-des-fonds-pour-la-location-dun-aeronef\/\">Cliquez ici pour lire l&rsquo;article depuis sa source.<\/a><\/p>\n","protected":false},"excerpt":{"rendered":"<p>C\u2019est le 26 avril 2019, qu\u2019\u00e0 travers un message sans surprise, que Cameroon Airlines Corporation (Camair co) annon\u00e7ait \u00e0 ses partenaires commerciaux, la \u00abfermeture de ses vols r\u00e9gionaux \u00e0 la vente\u00bb. Officiellement \u00aben attendant\u00a0 l\u2019entr\u00e9e en service d\u2019un nouvel a\u00e9ronef\u00bb. Rassurant dans le m\u00eame message le \u00abmaintien \u00e0 la vente des vols domestiques\u00bb. Cons\u00e9quence \u00e9vidente [&hellip;]<\/p>\n","protected":false},"author":1969,"featured_media":0,"comment_status":"closed","ping_status":"closed","sticky":false,"template":"","format":"standard","meta":{"fifu_image_url":"","fifu_image_alt":"","footnotes":""},"categories":[82,78],"tags":[],"class_list":["post-36500","post","type-post","status-publish","format-standard","hentry","category-cameroun","category-economie"],"_links":{"self":[{"href":"https:\/\/linitiative.ca\/International\/wp-json\/wp\/v2\/posts\/36500","targetHints":{"allow":["GET"]}}],"collection":[{"href":"https:\/\/linitiative.ca\/International\/wp-json\/wp\/v2\/posts"}],"about":[{"href":"https:\/\/linitiative.ca\/International\/wp-json\/wp\/v2\/types\/post"}],"author":[{"embeddable":true,"href":"https:\/\/linitiative.ca\/International\/wp-json\/wp\/v2\/users\/1969"}],"replies":[{"embeddable":true,"href":"https:\/\/linitiative.ca\/International\/wp-json\/wp\/v2\/comments?post=36500"}],"version-history":[{"count":0,"href":"https:\/\/linitiative.ca\/International\/wp-json\/wp\/v2\/posts\/36500\/revisions"}],"wp:attachment":[{"href":"https:\/\/linitiative.ca\/International\/wp-json\/wp\/v2\/media?parent=36500"}],"wp:term":[{"taxonomy":"category","embeddable":true,"href":"https:\/\/linitiative.ca\/International\/wp-json\/wp\/v2\/categories?post=36500"},{"taxonomy":"post_tag","embeddable":true,"href":"https:\/\/linitiative.ca\/International\/wp-json\/wp\/v2\/tags?post=36500"}],"curies":[{"name":"wp","href":"https:\/\/api.w.org\/{rel}","templated":true}]}}