{"id":36501,"date":"2019-05-24T07:27:58","date_gmt":"2019-05-24T11:27:58","guid":{"rendered":"https:\/\/linitiative.ca\/International\/telecoms-deploiement-de-12-000-km-supplementaires-de-fibre-optique-au-cameroun\/"},"modified":"2019-05-24T07:27:58","modified_gmt":"2019-05-24T11:27:58","slug":"telecoms-deploiement-de-12-000-km-supplementaires-de-fibre-optique-au-cameroun","status":"publish","type":"post","link":"https:\/\/linitiative.ca\/International\/telecoms-deploiement-de-12-000-km-supplementaires-de-fibre-optique-au-cameroun\/","title":{"rendered":"T\u00e9l\u00e9coms : d\u00e9ploiement de 12 000 km suppl\u00e9mentaires de fibre optique au Cameroun"},"content":{"rendered":"<div class=\"featured-area featured-area-inner\"><img loading=\"lazy\" decoding=\"async\" width=\"780\" height=\"405\" src=\"https:\/\/i1.wp.com\/ecomatin.net\/wp-content\/uploads\/2019\/05\/ecomatin.net-telecoms-deploiement-de-12-000-km-supplementaires-de-fibre-optique-au-cameroun-fibre-optique-ok.jpg?resize=780%2C405&#038;ssl=1&#038;is-pending-load=1\" class=\"attachment-jannah-image-post size-jannah-image-post wp-post-image jetpack-lazy-image\" alt=\"\" data-attachment-id=\"8454\" data-permalink=\"https:\/\/ecomatin.net\/telecoms-deploiement-de-12-000-km-supplementaires-de-fibre-optique-au-cameroun\/fibre-optique-ok\/\" data-orig-file=\"https:\/\/i1.wp.com\/ecomatin.net\/wp-content\/uploads\/2019\/05\/ecomatin.net-telecoms-deploiement-de-12-000-km-supplementaires-de-fibre-optique-au-cameroun-fibre-optique-ok.jpg?fit=900%2C450&#038;ssl=1\" data-orig-size=\"900,450\" data-comments-opened=\"0\" data-image-meta=\"{\"aperture\":\"0\",\"credit\":\"\",\"camera\":\"\",\"caption\":\"\",\"created_timestamp\":\"0\",\"copyright\":\"\",\"focal_length\":\"0\",\"iso\":\"0\",\"shutter_speed\":\"0\",\"title\":\"\",\"orientation\":\"1\"}\" data-image-title=\"fibre optique ok\" data-image-description=\"\" data-medium-file=\"https:\/\/i1.wp.com\/ecomatin.net\/wp-content\/uploads\/2019\/05\/ecomatin.net-telecoms-deploiement-de-12-000-km-supplementaires-de-fibre-optique-au-cameroun-fibre-optique-ok.jpg?fit=300%2C150&#038;ssl=1\" data-large-file=\"https:\/\/i1.wp.com\/ecomatin.net\/wp-content\/uploads\/2019\/05\/ecomatin.net-telecoms-deploiement-de-12-000-km-supplementaires-de-fibre-optique-au-cameroun-fibre-optique-ok.jpg?fit=900%2C450&#038;ssl=1\" srcset=\"data:image\/gif;base64,R0lGODlhAQABAIAAAAAAAP\/\/\/yH5BAEAAAAALAAAAAABAAEAAAIBRAA7\"\/><\/div>\n<div class=\"entry-content entry clearfix\" readability=\"60.1463414634\">\n<p>La Cameroon Telecommunications (<strong>Camtel<\/strong>) informe par voie de communiqu\u00e9 avoir d\u00e9ploy\u00e9\u00a0<strong>12\u00a0000 km<\/strong>\u00a0suppl\u00e9mentaires de fibre optique au pays. Sans renseign\u00e9e sur la date mise en \u0153uvre, <strong>Camtel<\/strong>\u00a0se contente juste de souligner que l\u2019infrastructure est l\u2019\u0153uvre d\u2019un partenariat avec le g\u00e9ant chinois des\u00a0<strong>telecoms<\/strong>\u00a0<strong>Huawei<\/strong>\u00a0ainsi que d\u2019autres collaborateurs pr\u00e9sent sur place dans le cadre du programme \u00ab\u00a0<strong>Backnone<\/strong>\u00a0<strong>National<\/strong>\u00a0\u00bb.\u00a0\u00a0Cette fibre optique rajout\u00e9e contribue par cons\u00e9quent \u00e0 r\u00e9duire le d\u00e9ficit constat\u00e9 en r\u00e9seaux de transmissions interurbaines au Cameroun.\u00a0\u00a0Elle participe \u00e0 la baisse des co\u00fbts de communication\u00a0; facilite le d\u00e9veloppement de l\u2019intranet gouvernemental et de ses applications et la construction du r\u00e9seau d\u2019interconnexion des universit\u00e9s.<\/p>\n<hr\/>\n<h4><strong>>> Lire aussi \u2013 <a title=\"Les entreprises camerounaises boudent la fibre optique SAIL de Camtel\" href=\"https:\/\/ecomatin.net\/les-entreprises-camerounaises-boudent-la-fibre-optique-sail-de-camtel\/\" target=\"_blank\" rel=\"noopener noreferrer\">Les entreprises camerounaises boudent la fibre optique SAIL de Camtel<\/a><br \/><\/strong><\/h4>\n<hr\/>\n<p>L\u2019op\u00e9rateur public de t\u00e9l\u00e9phonie mobile camerounais r\u00e9v\u00e8le que le\u00a0<strong>Backbone<\/strong>\u00a0National \u00e0 fibre optique (r\u00e9seau informatique \u00e0 longue distance avec un haut d\u00e9bit d\u2019internet) est s\u00e9curis\u00e9 et garantit un haut niveau de disponibilit\u00e9 permanente du r\u00e9seau du nord au sud, et de l\u2019est \u00e0 l\u2019ouest.<\/p>\n<p>\u00c0 date, apprend-on, les travaux de d\u00e9ploiement de la fibre optique dans tous les coins du triangle national se poursuivent. Des \u00e9tudes sont en cours pour la couverture additionnelle d\u2019au moins\u00a0<strong>3<\/strong>\u00a0<strong>500km<\/strong>\u00a0\u00e0 travers la\u00a0<strong>4<sup>i\u00e8me<\/sup>\u00a0phase du Backbone<\/strong>. De plus, gr\u00e2ce\u00a0\u00a0au projet Central Africa Backbone (<strong>CAB<\/strong>) financ\u00e9 par la Banque Mondiale, le Cameroun sera connect\u00e9 au reste des pays de la Cemac par un r\u00e9seau de t\u00e9l\u00e9communications \u00e0 fibre optique. L\u2019entreprise pr\u00e9voit une extension de ce r\u00e9seau entre Bambili et Kumbo. Il est attendu de cet ouvrage, la r\u00e9duction consid\u00e9rable de la fracture num\u00e9rique et technologique au Cameroun\u00a0; mais aussi positionner le pays comme le hub incontestable de l\u2019Afrique centrale.<\/p>\n<hr\/>\n<h4><strong>>> Lire aussi \u2013 <a title=\"Fibre optique: Orange Cameroun d\u00e9nonce le monopole de Camtel\" href=\"https:\/\/ecomatin.net\/fibre-optique-orange-cameroun-denonce-le-monopole-de-camtel\/\" target=\"_blank\" rel=\"noopener noreferrer\">Fibre optique: Orange Cameroun d\u00e9nonce le monopole de Camtel<\/a><br \/><\/strong><\/h4>\n<hr\/>\n<p>Sur un autre point, Camtel assure qu\u2019\u00e0 ce jour, le lin\u00e9aire de fibre optique qui dessert le Cameroun s\u2019\u00e9tend de Kye-Ossi \u00e0 Kousseri.\u00a0Elle touche pr\u00e8s de\u00a0<strong>90%<\/strong>\u00a0de d\u00e9partements des dix chefs-lieux de r\u00e9gion du pays. Elle sert de support fiable aux op\u00e9rateurs, organisations, institutions et aux particuliers en ce qui concerne les t\u00e9l\u00e9communications. L\u2019entreprise public de t\u00e9l\u00e9phonie mobile vante \u00e9galement que cette fibre optique r\u00e9pond m\u00eame aux besoins\u00a0\u00a0des populations de certains pays de la\u00a0zone\u00a0Cemac, en l\u2019occurrence le Tchad dont l\u2019interconnexion avec le Cameroun est effective depuis mars 2012, \u00e0 travers des contrats sign\u00e9s avec les soci\u00e9t\u00e9s\u00a0<strong>SITCOM<\/strong> et\u00a0<strong>Sotel Tchad<\/strong>.<\/p>\n<div class=\"about-author about-author-box container-wrapper\">\n<div class=\"author-avatar\">\n<p><img decoding=\"async\" src=\"http:\/\/\" alt=\"\"\/><\/p>\n<\/div>\n<p><h4>La R\u00e9daction EcoMatin<\/h4>\n<\/p>\n<\/div>\n<div class=\"awac-wrapper awac widget blog_subscription-2\">\n<h4 class=\"widget-title\">Abonnez-vous \u00e0 notre lettre d&rsquo;information<\/h4>\n<\/div>\n<\/div>\n<div class=\"toggle-post-content clearfix\"><a id=\"toggle-post-button\" class=\"button\" href=\"#\">Afficher plus <\/a><\/div>\n<p>Auteur: EcoMatin<br \/>\n<a href=\"https:\/\/ecomatin.net\/telecoms-deploiement-de-12-000-km-supplementaires-de-fibre-optique-au-cameroun\/\">Cliquez ici pour lire l&rsquo;article depuis sa source.<\/a><\/p>\n","protected":false},"excerpt":{"rendered":"<p>La Cameroon Telecommunications (Camtel) informe par voie de communiqu\u00e9 avoir d\u00e9ploy\u00e9\u00a012\u00a0000 km\u00a0suppl\u00e9mentaires de fibre optique au pays. Sans renseign\u00e9e sur la date mise en \u0153uvre, Camtel\u00a0se contente juste de souligner que l\u2019infrastructure est l\u2019\u0153uvre d\u2019un partenariat avec le g\u00e9ant chinois des\u00a0telecoms\u00a0Huawei\u00a0ainsi que d\u2019autres collaborateurs pr\u00e9sent sur place dans le cadre du programme \u00ab\u00a0Backnone\u00a0National\u00a0\u00bb.\u00a0\u00a0Cette fibre optique [&hellip;]<\/p>\n","protected":false},"author":1969,"featured_media":0,"comment_status":"closed","ping_status":"closed","sticky":false,"template":"","format":"standard","meta":{"fifu_image_url":"","fifu_image_alt":"","footnotes":""},"categories":[82,78],"tags":[],"class_list":["post-36501","post","type-post","status-publish","format-standard","hentry","category-cameroun","category-economie"],"_links":{"self":[{"href":"https:\/\/linitiative.ca\/International\/wp-json\/wp\/v2\/posts\/36501","targetHints":{"allow":["GET"]}}],"collection":[{"href":"https:\/\/linitiative.ca\/International\/wp-json\/wp\/v2\/posts"}],"about":[{"href":"https:\/\/linitiative.ca\/International\/wp-json\/wp\/v2\/types\/post"}],"author":[{"embeddable":true,"href":"https:\/\/linitiative.ca\/International\/wp-json\/wp\/v2\/users\/1969"}],"replies":[{"embeddable":true,"href":"https:\/\/linitiative.ca\/International\/wp-json\/wp\/v2\/comments?post=36501"}],"version-history":[{"count":0,"href":"https:\/\/linitiative.ca\/International\/wp-json\/wp\/v2\/posts\/36501\/revisions"}],"wp:attachment":[{"href":"https:\/\/linitiative.ca\/International\/wp-json\/wp\/v2\/media?parent=36501"}],"wp:term":[{"taxonomy":"category","embeddable":true,"href":"https:\/\/linitiative.ca\/International\/wp-json\/wp\/v2\/categories?post=36501"},{"taxonomy":"post_tag","embeddable":true,"href":"https:\/\/linitiative.ca\/International\/wp-json\/wp\/v2\/tags?post=36501"}],"curies":[{"name":"wp","href":"https:\/\/api.w.org\/{rel}","templated":true}]}}