{"id":36502,"date":"2019-05-24T07:43:07","date_gmt":"2019-05-24T11:43:07","guid":{"rendered":"https:\/\/linitiative.ca\/International\/distinction-djaili-amadou-amal-lecrivaine-remporte-le-prix-orange-du-livre-en-afrique\/"},"modified":"2019-05-24T07:43:07","modified_gmt":"2019-05-24T11:43:07","slug":"distinction-djaili-amadou-amal-lecrivaine-remporte-le-prix-orange-du-livre-en-afrique","status":"publish","type":"post","link":"https:\/\/linitiative.ca\/International\/distinction-djaili-amadou-amal-lecrivaine-remporte-le-prix-orange-du-livre-en-afrique\/","title":{"rendered":"Distinction : Dja\u00efli Amadou Amal, l\u2019\u00e9crivaine remporte le Prix Orange du livre en Afrique"},"content":{"rendered":"<p>Un travail bien fait, m\u00e9rite d\u2019\u00eatre r\u00e9compens\u00e9. Ainsi pourrait-on r\u00e9sumer la promotion de <strong>Dja\u00efla Amadou Amal<\/strong>, auteure du roman \u00ab\u00a0<em>Munyal, les larmes de la patience<\/em>\u00a0\u00bb. La Camerounaise est laur\u00e9ate de la premi\u00e8re \u00e9dition du Prix Orange du livre en Afrique. Elle a re\u00e7u sa r\u00e9compense mercredi 22 mai 2019 au cours d\u2019une c\u00e9r\u00e9monie faste port\u00e9e par la Fondation Orange en partenariat avec le minist\u00e8re des Arts et de la culture \u00ab\u00a0<em>j\u2019accueille cette distinction avec \u00e9motion. Je suis fi\u00e8re d\u2019\u00eatre la toute premi\u00e8re laur\u00e9ate de ce prix qui r\u00e9compense une femme camerounaise. Je suis fi\u00e8re de porter haut les couleurs\u00a0 de mon pays<\/em>\u00a0\u00bb, a d\u00e9clar\u00e9 \u00e9mue la promue. Parmi les personnalit\u00e9s pr\u00e9sentes, le Minac <strong>Bidoung Mkpatt<\/strong>, repr\u00e9sentant du Chef d\u2019Etat et <strong>Fran\u00e7oise Cosson<\/strong>, d\u00e9l\u00e9gu\u00e9e g\u00e9n\u00e9rale, directrice m\u00e9c\u00e9nat et solidarit\u00e9 Groupe Fondation Orange. Aux c\u00f4t\u00e9s\u00a0 de Mme Cosson, le Directeur g\u00e9n\u00e9ral d\u2019Orange <strong>Fr\u00e9d\u00e9ric Debord<\/strong><\/p>\n<hr\/>\n<h4><strong>>> Lire aussi \u2013 <a title=\"Investigations: d\u00e9sormais plus de tabous sur la criminalit\u00e9 financi\u00e8re\" href=\"https:\/\/ecomatin.net\/investigations-desormais-plus-de-tabous-sur-la-criminalite-financiere\/\" target=\"_blank\" rel=\"noopener noreferrer\">Investigations: d\u00e9sormais plus de tabous sur la criminalit\u00e9 financi\u00e8re<\/a><br \/><\/strong><\/h4>\n<hr\/>\n<p>Son livre s\u2019est impos\u00e9 devant cinq autres, appartenant aux auteurs ivoiriens, marocains (deux), tunisien et s\u00e9n\u00e9galais. Avec \u00ab <em>Munyal, les larmes de la patience<\/em> \u00bb, troisi\u00e8me roman de Dja\u00efli Amadou Amal, apr\u00e8s \u00ab <em>Walaande, l\u2019art de partager un mari<\/em> \u00bb et \u00ab <em>Mistiriijo la mangeuse d\u2019\u00e2mes<\/em> \u00bb, l\u2019\u00e9crivaine brise \u00e0 nouveau les tabous en revisitant ses th\u00e8mes de pr\u00e9dilection : le mariage pr\u00e9coce et forc\u00e9, la polygamie et les droits des femmes. Ce livre retrace le destin de Ramla, 17 ans, arrach\u00e9e \u00e0 son amour pour \u00eatre mari\u00e9e de force avec Alhadji Issa, un homme riche et d\u00e9j\u00e0 mari\u00e9. Hindou, sa s\u0153ur du m\u00eame \u00e2ge, est quant \u00e0 elle contrainte d\u2019\u00e9pouser Moubarak, son cousin, alcoolique, drogu\u00e9 et violent. Safira, 35 ans, la premi\u00e8re \u00e9pouse d\u2019Alhadji Issa, voit quant \u00e0 elle d\u2019un tr\u00e8s mauvais \u0153il l\u2019arriv\u00e9e dans son foyer de la jeune Ramla, qu\u2019elle veut voir r\u00e9pudi\u00e9e.<\/p>\n<p>Gr\u00e2ce \u00e0 cette r\u00e9compense d\u2019Orange Cameroun, elle b\u00e9n\u00e9ficie de <strong>10 000 euros<\/strong> soit <strong>6 500 000 FCFA<\/strong> et d\u2019un accompagnement par la Fondation Orange pour la promotion et la diffusion de son livre. \u00a0Dja\u00efli Amadou Amal est pr\u00e9sidente de l\u2019Association \u00ab\u00a0<em>Femmes du Sahel\u00a0<\/em>\u00bb.<\/p>\n<div class=\"about-author about-author-box container-wrapper\">\n<div class=\"author-avatar\">\n<p><img decoding=\"async\" src=\"http:\/\/\" alt=\"\"\/><\/p>\n<\/div>\n<p><h4>La R\u00e9daction EcoMatin<\/h4>\n<\/p>\n<\/div>\n<div class=\"awac-wrapper awac widget blog_subscription-2\">\n<h4 class=\"widget-title\">Abonnez-vous \u00e0 notre lettre d&rsquo;information<\/h4>\n<\/div>\n<p>Auteur: EcoMatin<br \/>\n<a href=\"https:\/\/ecomatin.net\/distinction-djaili-amadou-amal-lecrivaine-remporte-le-prix-orange-du-livre-en-afrique\/\">Cliquez ici pour lire l&rsquo;article depuis sa source.<\/a><\/p>\n","protected":false},"excerpt":{"rendered":"<p>Un travail bien fait, m\u00e9rite d\u2019\u00eatre r\u00e9compens\u00e9. Ainsi pourrait-on r\u00e9sumer la promotion de Dja\u00efla Amadou Amal, auteure du roman \u00ab\u00a0Munyal, les larmes de la patience\u00a0\u00bb. La Camerounaise est laur\u00e9ate de la premi\u00e8re \u00e9dition du Prix Orange du livre en Afrique. Elle a re\u00e7u sa r\u00e9compense mercredi 22 mai 2019 au cours d\u2019une c\u00e9r\u00e9monie faste port\u00e9e [&hellip;]<\/p>\n","protected":false},"author":1969,"featured_media":0,"comment_status":"closed","ping_status":"closed","sticky":false,"template":"","format":"standard","meta":{"fifu_image_url":"","fifu_image_alt":"","footnotes":""},"categories":[82,78],"tags":[],"class_list":["post-36502","post","type-post","status-publish","format-standard","hentry","category-cameroun","category-economie"],"_links":{"self":[{"href":"https:\/\/linitiative.ca\/International\/wp-json\/wp\/v2\/posts\/36502","targetHints":{"allow":["GET"]}}],"collection":[{"href":"https:\/\/linitiative.ca\/International\/wp-json\/wp\/v2\/posts"}],"about":[{"href":"https:\/\/linitiative.ca\/International\/wp-json\/wp\/v2\/types\/post"}],"author":[{"embeddable":true,"href":"https:\/\/linitiative.ca\/International\/wp-json\/wp\/v2\/users\/1969"}],"replies":[{"embeddable":true,"href":"https:\/\/linitiative.ca\/International\/wp-json\/wp\/v2\/comments?post=36502"}],"version-history":[{"count":0,"href":"https:\/\/linitiative.ca\/International\/wp-json\/wp\/v2\/posts\/36502\/revisions"}],"wp:attachment":[{"href":"https:\/\/linitiative.ca\/International\/wp-json\/wp\/v2\/media?parent=36502"}],"wp:term":[{"taxonomy":"category","embeddable":true,"href":"https:\/\/linitiative.ca\/International\/wp-json\/wp\/v2\/categories?post=36502"},{"taxonomy":"post_tag","embeddable":true,"href":"https:\/\/linitiative.ca\/International\/wp-json\/wp\/v2\/tags?post=36502"}],"curies":[{"name":"wp","href":"https:\/\/api.w.org\/{rel}","templated":true}]}}