{"id":36509,"date":"2019-05-25T05:04:27","date_gmt":"2019-05-25T09:04:27","guid":{"rendered":"https:\/\/linitiative.ca\/International\/kelaat-sraghna-un-pere-de-famille-poignarde-mortellement-son-epouse\/"},"modified":"2019-05-25T05:04:27","modified_gmt":"2019-05-25T09:04:27","slug":"kelaat-sraghna-un-pere-de-famille-poignarde-mortellement-son-epouse","status":"publish","type":"post","link":"https:\/\/linitiative.ca\/International\/kelaat-sraghna-un-pere-de-famille-poignarde-mortellement-son-epouse\/","title":{"rendered":"Kela\u00e2t Sraghna : Un p\u00e8re de famille poignarde mortellement son \u00e9pouse"},"content":{"rendered":"<header>\n<\/header>\n<div class=\"entry-content clearfix\" readability=\"47\"><img decoding=\"async\" class=\"post_layout_5_img\" src=\"http:\/\/aujourdhui.ma\/wp-content\/uploads\/2017\/06\/Dessin-meurtre-Crime-Couteau.jpg?x29840\" alt=\"Kela\u00e2t Sraghna : Un p\u00e8re de famille poignarde mortellement son \u00e9pouse\"\/><\/p>\n<p class=\"p1\"><span class=\"s1 c4\"><strong>Mardi dernier, au d\u00e9but de l\u2019apr\u00e8s-midi, un p\u00e8re de famille a mis fin \u00e0 la vie de sa femme et ce au douar Ouled Ghanem relevant de la commune rurale Ouled \u00c2mro, Cercle Beni \u00c2mer, dans la province de Kela\u00e2t Sraghna. P\u00e8re de trois enfants, ce quadrag\u00e9naire a poignard\u00e9 son \u00e9pouse, \u00e2g\u00e9e de trente-deux ans.<\/strong><\/span> <span id=\"more-311844\"\/><\/p>\n<p class=\"p1\"><span class=\"s1\">Alert\u00e9s, les \u00e9l\u00e9ments de la gendarmerie royale de Kazette se sont d\u00e9p\u00each\u00e9s sur les lieux. Le mis en cause qui n\u2019a pas pris la fuite a \u00e9t\u00e9 arr\u00eat\u00e9 puis soumis \u00e0 des interrogatoires serr\u00e9s. Le cadavre de cette m\u00e8re qui a laiss\u00e9 derri\u00e8re elle deux fillettes et un gar\u00e7on a \u00e9t\u00e9 \u00e9vacu\u00e9 vers la morgue de l\u2019h\u00f4pital provincial de Kela\u00e2t Sraghna afin d\u2019\u00eatre autopsi\u00e9. L\u2019enqu\u00eate est toujours en cours pour d\u00e9terminer les tenants et les aboutissants de cette affaire.<\/span><\/p>\n<\/div>\n<p>Auteur: Abderrafii ALOUMLIKI<br \/>\n<a href=\"http:\/\/aujourdhui.ma\/faits-divers\/kelaat-sraghna-un-pere-de-famille-poignarde-mortellement-son-epouse\">Cliquez ici pour lire l&rsquo;article depuis sa source.<\/a><\/p>\n","protected":false},"excerpt":{"rendered":"<p>Mardi dernier, au d\u00e9but de l\u2019apr\u00e8s-midi, un p\u00e8re de famille a mis fin \u00e0 la vie de sa femme et ce au douar Ouled Ghanem relevant de la commune rurale Ouled \u00c2mro, Cercle Beni \u00c2mer, dans la province de Kela\u00e2t Sraghna. P\u00e8re de trois enfants, ce quadrag\u00e9naire a poignard\u00e9 son \u00e9pouse, \u00e2g\u00e9e de trente-deux ans. [&hellip;]<\/p>\n","protected":false},"author":1759,"featured_media":0,"comment_status":"closed","ping_status":"closed","sticky":false,"template":"","format":"standard","meta":{"fifu_image_url":"","fifu_image_alt":"","footnotes":""},"categories":[73,54],"tags":[],"class_list":["post-36509","post","type-post","status-publish","format-standard","hentry","category-actualite","category-maroc"],"_links":{"self":[{"href":"https:\/\/linitiative.ca\/International\/wp-json\/wp\/v2\/posts\/36509","targetHints":{"allow":["GET"]}}],"collection":[{"href":"https:\/\/linitiative.ca\/International\/wp-json\/wp\/v2\/posts"}],"about":[{"href":"https:\/\/linitiative.ca\/International\/wp-json\/wp\/v2\/types\/post"}],"author":[{"embeddable":true,"href":"https:\/\/linitiative.ca\/International\/wp-json\/wp\/v2\/users\/1759"}],"replies":[{"embeddable":true,"href":"https:\/\/linitiative.ca\/International\/wp-json\/wp\/v2\/comments?post=36509"}],"version-history":[{"count":0,"href":"https:\/\/linitiative.ca\/International\/wp-json\/wp\/v2\/posts\/36509\/revisions"}],"wp:attachment":[{"href":"https:\/\/linitiative.ca\/International\/wp-json\/wp\/v2\/media?parent=36509"}],"wp:term":[{"taxonomy":"category","embeddable":true,"href":"https:\/\/linitiative.ca\/International\/wp-json\/wp\/v2\/categories?post=36509"},{"taxonomy":"post_tag","embeddable":true,"href":"https:\/\/linitiative.ca\/International\/wp-json\/wp\/v2\/tags?post=36509"}],"curies":[{"name":"wp","href":"https:\/\/api.w.org\/{rel}","templated":true}]}}