{"id":36514,"date":"2019-05-25T11:45:51","date_gmt":"2019-05-25T15:45:51","guid":{"rendered":"https:\/\/linitiative.ca\/International\/autriche-eclatement-de-la-coalition-droite-extreme-droite\/"},"modified":"2019-05-25T11:45:51","modified_gmt":"2019-05-25T15:45:51","slug":"autriche-eclatement-de-la-coalition-droite-extreme-droite","status":"publish","type":"post","link":"https:\/\/linitiative.ca\/International\/autriche-eclatement-de-la-coalition-droite-extreme-droite\/","title":{"rendered":"Autriche: Eclatement de la coalition droite-extr\u00eame droite\u2026"},"content":{"rendered":"<p class=\"c4\"><span class=\"c3\"><em><span class=\"c2\">A<\/span>pr\u00e8s la d\u00e9mission samedi dernier du vice-chancelier autrichien Heinz-Christian Strache et le limogeage, lundi, du ministre de l\u2019int\u00e9rieur Herbert Kickl suite \u00e0 son refus de se retirer \u00e0 l\u2019instar du vice-chancelier du fait de leur implication commune dans ce\u00a0 que l\u2019Histoire retiendra comme \u00e9tant l\u2019\u00abIbiza-gate\u00bb, tous les ministres issus du FP\u00d6, Parti de la libert\u00e9 d\u2019Autriche, extr\u00eame-droite, ont d\u00e9cid\u00e9, en fin de journ\u00e9e de pr\u00e9senter collectivement leur d\u00e9mission.<\/em><\/span><\/p>\n<p class=\"c4\">Cette r\u00e9tractation unanime, qui met fin \u00e0 une coalition de la formation d\u2019extr\u00eame-droite avec les chr\u00e9tiens conservateurs du Parti populaire \u00d6VP qui aura dur\u00e9 18 mois, survient \u00e0 la suite de la diffusion vendredi, par \u00abDer Spiegel\u00bb et la \u00abS\u00fcddeutsche Zeitung\u00bb, d\u2019une vid\u00e9o film\u00e9e \u00e0 l\u2019insu du vice-chancelier autrichien, durant l\u2019\u00e9t\u00e9 2017, dans une villa sise \u00e0 Ibiza. Dans cette sulfureuse vid\u00e9o, le vice-chancelier Heinz-Christian Strache, leader nationaliste \u00e0 la t\u00eate du FP\u00d6 depuis 2005, \u00e9voquait son enti\u00e8re disposition \u00e0 octroyer des march\u00e9s publics \u00e0 un oligarque russe en \u00e9change de financements au profit de sa formation politique.<\/p>\n<p class=\"c4\">Mais avant m\u00eame que cette d\u00e9mission collective n\u2019intervienne le chancelier Sebastian Kurz qui avait jug\u00e9 que cette malheureuse affaire va in\u00e9vitablement causer des \u00abd\u00e9g\u00e2ts importants \u00e0 l\u2019image de l\u2019Autriche\u00bb, a fait part, samedi, de son intention de convoquer des l\u00e9gislatives anticip\u00e9es courant Septembre 2019.<\/p>\n<p class=\"c4\">Entre-temps, \u00abun gouvernement technique sera charg\u00e9 de poursuivre la gestion des affaires courantes note \u00abDer Spiegel\u00bb.<\/p>\n<p class=\"c4\">Aussi, Sebastian Kurz a-t-il appel\u00e9 tous les partis politiques \u00e0 \u00abgarantir la stabilit\u00e9\u00bb du pays \u00e9branl\u00e9 par l\u2019\u00e9clatement de la coalition droite conservatrice (\u00d6VP) \u2013 droite nationaliste (FP\u00d6) \u00e0 tendance eurosceptique qui main dans la main s\u2019\u00e9taient oppos\u00e9s \u00e0 la crise migratoire qui affecte le vieux continent.<\/p>\n<p class=\"c4\">Or, la crise politique provoqu\u00e9e par l\u2019\u00abIbiza-gate\u00bb a pouss\u00e9 certains responsables europ\u00e9ens \u00e0 mettre en garde leurs concitoyens contre un vote pour l\u2019extr\u00eame-droite. \u00abIl ne faut donner \u00e0 ces radicaux aucune influence sur notre Europe\u00bb dira Manfred Weber, le d\u00e9put\u00e9 europ\u00e9en, membre de l\u2019Union chr\u00e9tienne-sociale en Bavi\u00e8re qui pr\u00e9side le groupe PPE au Parlement europ\u00e9en alors que la chanceli\u00e8re allemande a appel\u00e9, quant \u00e0 elle, \u00e0 \u00abr\u00e9sister aux politiques qui sont \u00e0 vendre\u00bb; allusion faite \u00e0 l\u2019\u00abIbiza-gate\u00bb autrichien.<\/p>\n<p class=\"c4\">Mais si, jusqu\u2019\u00e0 la semaine derni\u00e8re, la coalition FP\u00d6-\u00d6VP s\u2019affichait comme \u00e9tant un mod\u00e8le id\u00e9al, un exemple \u00e0 suivre par les autres Etats de l\u2019U.E. o\u00f9, ces derni\u00e8res ann\u00e9es, les formations nationalistes avaient multipli\u00e9 les succ\u00e8s \u00e9lectoraux dans l\u2019optique de renforcer leur pr\u00e9sence au sein du Parlement europ\u00e9en, la r\u00e9ussite ne semble pas \u00eatre de leur cot\u00e9 cette fois-ci. Quelles vont \u00eatre les chances des partis nationalistes au cours des \u00e9lections europ\u00e9ennes qui se tiendront du 23 au 26 Mai 2019 ? Attendons pour voir\u2026<\/p>\n<p class=\"c5\"><strong>Nabil El Bousaadi<\/strong><\/p>\n<p>Auteur: rahal mehamed<br \/>\n<a href=\"http:\/\/albayane.press.ma\/autriche-eclatement-de-la-coalition-droite-extreme-droite.html\">Cliquez ici pour lire l&rsquo;article depuis sa source.<\/a><\/p>\n","protected":false},"excerpt":{"rendered":"<p>Apr\u00e8s la d\u00e9mission samedi dernier du vice-chancelier autrichien Heinz-Christian Strache et le limogeage, lundi, du ministre de l\u2019int\u00e9rieur Herbert Kickl suite \u00e0 son refus de se retirer \u00e0 l\u2019instar du vice-chancelier du fait de leur implication commune dans ce\u00a0 que l\u2019Histoire retiendra comme \u00e9tant l\u2019\u00abIbiza-gate\u00bb, tous les ministres issus du FP\u00d6, Parti de la libert\u00e9 [&hellip;]<\/p>\n","protected":false},"author":1760,"featured_media":0,"comment_status":"closed","ping_status":"closed","sticky":false,"template":"","format":"standard","meta":{"fifu_image_url":"","fifu_image_alt":"","footnotes":""},"categories":[73,54],"tags":[],"class_list":["post-36514","post","type-post","status-publish","format-standard","hentry","category-actualite","category-maroc"],"_links":{"self":[{"href":"https:\/\/linitiative.ca\/International\/wp-json\/wp\/v2\/posts\/36514","targetHints":{"allow":["GET"]}}],"collection":[{"href":"https:\/\/linitiative.ca\/International\/wp-json\/wp\/v2\/posts"}],"about":[{"href":"https:\/\/linitiative.ca\/International\/wp-json\/wp\/v2\/types\/post"}],"author":[{"embeddable":true,"href":"https:\/\/linitiative.ca\/International\/wp-json\/wp\/v2\/users\/1760"}],"replies":[{"embeddable":true,"href":"https:\/\/linitiative.ca\/International\/wp-json\/wp\/v2\/comments?post=36514"}],"version-history":[{"count":0,"href":"https:\/\/linitiative.ca\/International\/wp-json\/wp\/v2\/posts\/36514\/revisions"}],"wp:attachment":[{"href":"https:\/\/linitiative.ca\/International\/wp-json\/wp\/v2\/media?parent=36514"}],"wp:term":[{"taxonomy":"category","embeddable":true,"href":"https:\/\/linitiative.ca\/International\/wp-json\/wp\/v2\/categories?post=36514"},{"taxonomy":"post_tag","embeddable":true,"href":"https:\/\/linitiative.ca\/International\/wp-json\/wp\/v2\/tags?post=36514"}],"curies":[{"name":"wp","href":"https:\/\/api.w.org\/{rel}","templated":true}]}}