{"id":36515,"date":"2019-05-25T11:46:56","date_gmt":"2019-05-25T15:46:56","guid":{"rendered":"https:\/\/linitiative.ca\/International\/les-deficiences-du-football-national\/"},"modified":"2019-05-25T11:46:56","modified_gmt":"2019-05-25T15:46:56","slug":"les-deficiences-du-football-national","status":"publish","type":"post","link":"https:\/\/linitiative.ca\/International\/les-deficiences-du-football-national\/","title":{"rendered":"Les d\u00e9ficiences du football national!"},"content":{"rendered":"<p class=\"c4\"><span class=\"c3\"><strong><span class=\"c2\">A<\/span>u moment o\u00f9 le football marocain est en passe de refaire surface \u00e0 l\u2019\u00e9chelon africain, par les sursauts salutaires des clubs qui rivalisent avec les g\u00e9ants du continent, la gestion de la Botola pro fait cruellement d\u00e9faut. Il est bien vrai que de gros efforts ont \u00e9t\u00e9 d\u00e9ploy\u00e9s, ces derni\u00e8res ann\u00e9es, en termes demise \u00e0 niveau, de refonte et de promotion.<\/strong><\/span><\/p>\n<p class=\"c4\">De m\u00eame, les entit\u00e9s sportives se d\u00e9battent, tant bien que mal, pour recouvrer l\u2019\u00e9galit\u00e9 des chances, \u00e0 travers l\u2019implication des autorit\u00e9s locales, des instances \u00e9lues et des bo\u00eetes priv\u00e9es. C\u2019est ainsi que des bourgades tels Berrechid, Oued Zem ou encore le nouveau promu Zmamra, prennent place parmi les t\u00e9nors de l\u2019\u00e9lite nationale. La comp\u00e9tition sup\u00e9rieure ne sera plus l\u2019apanage des grandes m\u00e9tropoles, quoiqu\u2019on en d\u00e9plore l\u2019\u00e9clipse de certaines qui, \u00e0 l\u2019\u00e9poque, mettaient du feu dans les aires de jeu, notamment K\u00e9nitra, Settat, Mohammedia, Mekn\u00e8s, F\u00e8s, Sal\u00e9\u2026<\/p>\n<p class=\"c4\">Cependant, cette dynamique qui replace aussi la s\u00e9lection marocaine sur l\u2019\u00e9chiquier plan\u00e9taire, avec la belle prestation du mondial de Russie, est toujours entach\u00e9e de dysfonctionnements criards. En d\u00e9pit de la dimension professionnelle que ne cessent de vanter les d\u00e9cideurs de la plus pris\u00e9e des disciplines sportives, de bas signes d\u2019amateurisme persistent encore aussi bien au niveau de mentalit\u00e9s que de proc\u00e9d\u00e9s adopt\u00e9s.<\/p>\n<p class=\"c4\">Dans le pr\u00e9sent billet, on se limitera de d\u00e9voiler la d\u00e9bandade dans laquelle s\u2019\u00e9bat la fameuse commission de la programmation. Alors que la plupart des championnats du globe ont d\u00e9j\u00e0 boucl\u00e9 la saison sportive \u00e9coul\u00e9e et s\u2019appr\u00eatent \u00e0 entamer la suivante, le n\u00f4tre t\u00e2tonne et se noie\u00a0 dans une s\u00e9rie de reports, au point de jeter l\u2019\u00e9preuve dans un r\u00e9el chaos qui ne dit pas son nom. Aucune gestion planifi\u00e9e au pr\u00e9alable ni ma\u00eetrise du calendrier intercontinental, encore moins une fermet\u00e9 susceptible de rappeler \u00e0 l\u2019ordre tout comportement abusif des acteurs.<\/p>\n<p class=\"c4\">Cette ann\u00e9e encore, c\u2019est le comble avec une comp\u00e9tition qui s\u2019ach\u00e8ve en mi-juin, \u00e0 la veille de la CAN. Pis encore, on stoppe inopin\u00e9ment la cadence des confrontations durant pas moins d\u2019une quinzaine de jours, au moment crucial tant au sommet que se disputent les postulants \u00e0 une place au soleil africain qu\u2019au bas de la marche o\u00f9 se meuvent les lanternes rouges pour \u00e9viter \u00e0 la rel\u00e9gation. En fin de compte, on a affaire \u00e0 un championnat b\u00e2cl\u00e9, amorphe et apathique. Une fin en queue de poisson, due \u00e0 l\u2019approximation d\u2019un service cl\u00e9 de la f\u00e9d\u00e9ration auquel les enjeux \u00e9chappent visiblement.<\/p>\n<p class=\"c4\">Notre football est donc sujet \u00e0 la d\u00e9fection qui suscite la confusion et le d\u00e9sarroi au sein de la nu\u00e9e des pratiquants dans le pays. Il devient la ris\u00e9e de\u00a0 tout le monde par ses conduites d\u00e9ficientes qui continuent \u00e0 affecter le sport en g\u00e9n\u00e9ral et salir son image de marque, en tant que nation de football ayant marqu\u00e9, durant des d\u00e9cennies, l\u2019histoire l\u00e9gendaire de la pratique de football.<\/p>\n<p>Auteur: rahal mehamed<br \/>\n<a href=\"http:\/\/albayane.press.ma\/les-deficiences-du-football-national.html\">Cliquez ici pour lire l&rsquo;article depuis sa source.<\/a><\/p>\n","protected":false},"excerpt":{"rendered":"<p>Au moment o\u00f9 le football marocain est en passe de refaire surface \u00e0 l\u2019\u00e9chelon africain, par les sursauts salutaires des clubs qui rivalisent avec les g\u00e9ants du continent, la gestion de la Botola pro fait cruellement d\u00e9faut. Il est bien vrai que de gros efforts ont \u00e9t\u00e9 d\u00e9ploy\u00e9s, ces derni\u00e8res ann\u00e9es, en termes demise \u00e0 [&hellip;]<\/p>\n","protected":false},"author":1760,"featured_media":0,"comment_status":"closed","ping_status":"closed","sticky":false,"template":"","format":"standard","meta":{"fifu_image_url":"","fifu_image_alt":"","footnotes":""},"categories":[73,54],"tags":[],"class_list":["post-36515","post","type-post","status-publish","format-standard","hentry","category-actualite","category-maroc"],"_links":{"self":[{"href":"https:\/\/linitiative.ca\/International\/wp-json\/wp\/v2\/posts\/36515","targetHints":{"allow":["GET"]}}],"collection":[{"href":"https:\/\/linitiative.ca\/International\/wp-json\/wp\/v2\/posts"}],"about":[{"href":"https:\/\/linitiative.ca\/International\/wp-json\/wp\/v2\/types\/post"}],"author":[{"embeddable":true,"href":"https:\/\/linitiative.ca\/International\/wp-json\/wp\/v2\/users\/1760"}],"replies":[{"embeddable":true,"href":"https:\/\/linitiative.ca\/International\/wp-json\/wp\/v2\/comments?post=36515"}],"version-history":[{"count":0,"href":"https:\/\/linitiative.ca\/International\/wp-json\/wp\/v2\/posts\/36515\/revisions"}],"wp:attachment":[{"href":"https:\/\/linitiative.ca\/International\/wp-json\/wp\/v2\/media?parent=36515"}],"wp:term":[{"taxonomy":"category","embeddable":true,"href":"https:\/\/linitiative.ca\/International\/wp-json\/wp\/v2\/categories?post=36515"},{"taxonomy":"post_tag","embeddable":true,"href":"https:\/\/linitiative.ca\/International\/wp-json\/wp\/v2\/tags?post=36515"}],"curies":[{"name":"wp","href":"https:\/\/api.w.org\/{rel}","templated":true}]}}