{"id":36521,"date":"2019-05-25T09:00:00","date_gmt":"2019-05-25T13:00:00","guid":{"rendered":"https:\/\/linitiative.ca\/International\/rcd-bouteflika-doit-etre-entendu-par-la-justice\/"},"modified":"2019-05-25T09:00:00","modified_gmt":"2019-05-25T13:00:00","slug":"rcd-bouteflika-doit-etre-entendu-par-la-justice","status":"publish","type":"post","link":"https:\/\/linitiative.ca\/International\/rcd-bouteflika-doit-etre-entendu-par-la-justice\/","title":{"rendered":"RCD : \u00abBouteflika doit \u00eatre entendu par la justice\u00bb"},"content":{"rendered":"<div id=\"originalText\" readability=\"100\">\n<p>Pour le Rassemblement pour la culture et la d\u00e9mocratie (RCD), \u00absi on veut que la justice et rien que la justice s\u2019exerce, en plus de l\u2019ind\u00e9pendance dont elle doit jouir, y compris vis \u00e0 vis de l\u2019opinion publique, elle doit d\u00e9j\u00e0 commencer \u00e0 r\u00e9futer le caract\u00e8re s\u00e9lectif de ces interpellations en convoquant toute la 3issaba\u00bb.<\/p>\n<p>Ainsi donc, le RCD, qui rendait public, ce samedi, un communiqu\u00e9, consid\u00e8re que \u00abAbdelaziz Bouteflika, le chef de l\u2019Etat d\u00e9chu, doit \u00eatre entendu sur ses actions et sur l\u2019activit\u00e9 de ses collaborateurs\u00bb.<\/p>\n<p>C\u2019est, aux yeux du parti de Mohcine belabbas, \u00abl\u2019unique\u00a0 gage de cr\u00e9dibilit\u00e9 pour que ce qui est pr\u00e9sent\u00e9 comme une op\u00e9ration mains propres ne soit pas dans les faits une\u00a0 chasse aux sorci\u00e8res\u00bb.<\/p>\n<p>Parce que, estime \u00e9galement le RCD, \u00ables tribunaux sont instruits pour faire d\u00e9filer devant les juges et les cam\u00e9ras \u201d cach\u00e9es \u201d\u00a0 des m\u00e9dias aux ordres, des figures \u201cchoisies\u201d de l\u2019ancien r\u00e9gime\u00bb.<\/p>\n<p>Aussi, que \u00abdans un Etat de droit, personne n\u2019aurait \u00e9t\u00e9 surpris de la comparution des Ouyahia, Sellal, la cohorte de ministres cornaqu\u00e9s par les Bouteflika ou de Kouninef, Haddad, Tliba et Zoukh devant la justice.\u00a0 Et la liste est longue\u00bb.<\/p>\n<p>\u00abLe chef de l\u2019arm\u00e9e\u2026 et le d\u00e9ni de la r\u00e9alit\u00e9\u00a0\u00bb<\/p>\n<p>Par ailleurs, le RCD a pris \u00abacte de l\u2019offensive du chef d\u2019Etat-major de l\u2019Arm\u00e9e, Ahmed Gaid Salah, pour contourner les revendications du mouvement populaire et de son obstination \u00e0 organiser une \u00e9lection pr\u00e9sidentielle sous un nouveau rapport de force clanique\u00bb.<\/p>\n<p>\u00abLa\u00a0 reprise en mains des medias lourds, apr\u00e8s un court interm\u00e8de de flottement et l\u2019usage de dispositifs r\u00e9pressifs, de plus en plus violents,\u00a0 pour contrer les actions du mouvement populaire\u00a0 pr\u00e9figuraient d\u00e9j\u00e0 les derni\u00e8res sorties du porte-parole du pouvoir de fait\u00bb, est-il not\u00e9 dans le m\u00eame communiqu\u00e9.<\/p>\n<p>Ainsi, conclut le Rassemblement, \u00able chef de l\u2019Arm\u00e9e, au prix d\u2019un d\u00e9ni de la r\u00e9alit\u00e9, continue \u00e0 vouloir imposer ses vues et ses \u201csolutions\u201d\u00a0 \u00e0 coup de menaces et autres anath\u00e8mes\u00a0 contre tous\u00a0 les courants politiques progressistes et les activistes qui r\u00e9clament un v\u00e9ritable processus de construction d\u2019un Etat de droit\u00bb.<\/p>\n<p class=\"c10\"><strong>R\u00e9daction Web<\/strong><\/p>\n<\/div>\n<div id=\"text_core\" readability=\"100\">\n<p>Pour le Rassemblement pour la culture et la d\u00e9mocratie (RCD), \u00absi on veut que la justice et rien que la justice s\u2019exerce, en plus de l\u2019ind\u00e9pendance dont elle doit jouir, y compris vis \u00e0 vis de l\u2019opinion publique, elle doit d\u00e9j\u00e0 commencer \u00e0 r\u00e9futer le caract\u00e8re s\u00e9lectif de ces interpellations en convoquant toute la 3issaba\u00bb.<\/p>\n<p>Ainsi donc, le RCD, qui rendait public, ce samedi, un communiqu\u00e9, consid\u00e8re que \u00abAbdelaziz Bouteflika, le chef de l\u2019Etat d\u00e9chu, doit \u00eatre entendu sur ses actions et sur l\u2019activit\u00e9 de ses collaborateurs\u00bb.<\/p>\n<p>C\u2019est, aux yeux du parti de Mohcine belabbas, \u00abl\u2019unique\u00a0 gage de cr\u00e9dibilit\u00e9 pour que ce qui est pr\u00e9sent\u00e9 comme une op\u00e9ration mains propres ne soit pas dans les faits une\u00a0 chasse aux sorci\u00e8res\u00bb.<\/p>\n<p>Parce que, estime \u00e9galement le RCD, \u00ables tribunaux sont instruits pour faire d\u00e9filer devant les juges et les cam\u00e9ras \u201d cach\u00e9es \u201d\u00a0 des m\u00e9dias aux ordres, des figures \u201cchoisies\u201d de l\u2019ancien r\u00e9gime\u00bb.<\/p>\n<p>Aussi, que \u00abdans un Etat de droit, personne n\u2019aurait \u00e9t\u00e9 surpris de la comparution des Ouyahia, Sellal, la cohorte de ministres cornaqu\u00e9s par les Bouteflika ou de Kouninef, Haddad, Tliba et Zoukh devant la justice.\u00a0 Et la liste est longue\u00bb.<\/p>\n<p>\u00abLe chef de l\u2019arm\u00e9e\u2026 et le d\u00e9ni de la r\u00e9alit\u00e9\u00a0\u00bb<\/p>\n<p>Par ailleurs, le RCD a pris \u00abacte de l\u2019offensive du chef d\u2019Etat-major de l\u2019Arm\u00e9e, Ahmed Gaid Salah, pour contourner les revendications du mouvement populaire et de son obstination \u00e0 organiser une \u00e9lection pr\u00e9sidentielle sous un nouveau rapport de force clanique\u00bb.<\/p>\n<p>\u00abLa\u00a0 reprise en mains des medias lourds, apr\u00e8s un court interm\u00e8de de flottement et l\u2019usage de dispositifs r\u00e9pressifs, de plus en plus violents,\u00a0 pour contrer les actions du mouvement populaire\u00a0 pr\u00e9figuraient d\u00e9j\u00e0 les derni\u00e8res sorties du porte-parole du pouvoir de fait\u00bb, est-il not\u00e9 dans le m\u00eame communiqu\u00e9.<\/p>\n<p>Ainsi, conclut le Rassemblement, \u00able chef de l\u2019Arm\u00e9e, au prix d\u2019un d\u00e9ni de la r\u00e9alit\u00e9, continue \u00e0 vouloir imposer ses vues et ses \u201csolutions\u201d\u00a0 \u00e0 coup de menaces et autres anath\u00e8mes\u00a0 contre tous\u00a0 les courants politiques progressistes et les activistes qui r\u00e9clament un v\u00e9ritable processus de construction d\u2019un Etat de droit\u00bb.<\/p>\n<p class=\"c10\"><strong>R\u00e9daction Web<\/strong><\/p>\n<\/div>\n<p>Auteur:<br \/>\n<a href=\"https:\/\/www.liberte-algerie.com\/actualite\/rcd-bouteflika-doit-etre-entendu-par-la-justice-316586\">Cliquez ici pour lire l&rsquo;article depuis sa source.<\/a><\/p>\n","protected":false},"excerpt":{"rendered":"<p>Pour le Rassemblement pour la culture et la d\u00e9mocratie (RCD), \u00absi on veut que la justice et rien que la justice s\u2019exerce, en plus de l\u2019ind\u00e9pendance dont elle doit jouir, y compris vis \u00e0 vis de l\u2019opinion publique, elle doit d\u00e9j\u00e0 commencer \u00e0 r\u00e9futer le caract\u00e8re s\u00e9lectif de ces interpellations en convoquant toute la 3issaba\u00bb. [&hellip;]<\/p>\n","protected":false},"author":1742,"featured_media":0,"comment_status":"closed","ping_status":"closed","sticky":false,"template":"","format":"standard","meta":{"fifu_image_url":"","fifu_image_alt":"","footnotes":""},"categories":[73,53],"tags":[],"class_list":["post-36521","post","type-post","status-publish","format-standard","hentry","category-actualite","category-algerie"],"_links":{"self":[{"href":"https:\/\/linitiative.ca\/International\/wp-json\/wp\/v2\/posts\/36521","targetHints":{"allow":["GET"]}}],"collection":[{"href":"https:\/\/linitiative.ca\/International\/wp-json\/wp\/v2\/posts"}],"about":[{"href":"https:\/\/linitiative.ca\/International\/wp-json\/wp\/v2\/types\/post"}],"author":[{"embeddable":true,"href":"https:\/\/linitiative.ca\/International\/wp-json\/wp\/v2\/users\/1742"}],"replies":[{"embeddable":true,"href":"https:\/\/linitiative.ca\/International\/wp-json\/wp\/v2\/comments?post=36521"}],"version-history":[{"count":0,"href":"https:\/\/linitiative.ca\/International\/wp-json\/wp\/v2\/posts\/36521\/revisions"}],"wp:attachment":[{"href":"https:\/\/linitiative.ca\/International\/wp-json\/wp\/v2\/media?parent=36521"}],"wp:term":[{"taxonomy":"category","embeddable":true,"href":"https:\/\/linitiative.ca\/International\/wp-json\/wp\/v2\/categories?post=36521"},{"taxonomy":"post_tag","embeddable":true,"href":"https:\/\/linitiative.ca\/International\/wp-json\/wp\/v2\/tags?post=36521"}],"curies":[{"name":"wp","href":"https:\/\/api.w.org\/{rel}","templated":true}]}}