{"id":36526,"date":"2019-05-25T08:27:03","date_gmt":"2019-05-25T12:27:03","guid":{"rendered":"https:\/\/linitiative.ca\/International\/les-superficies-consacrees-aux-arbres-fruitiers-et-a-la-vigne-en-baisse-a-oran\/"},"modified":"2019-05-25T08:27:03","modified_gmt":"2019-05-25T12:27:03","slug":"les-superficies-consacrees-aux-arbres-fruitiers-et-a-la-vigne-en-baisse-a-oran","status":"publish","type":"post","link":"https:\/\/linitiative.ca\/International\/les-superficies-consacrees-aux-arbres-fruitiers-et-a-la-vigne-en-baisse-a-oran\/","title":{"rendered":"Les superficies consacr\u00e9es aux arbres fruitiers et \u00e0 la vigne en baisse \u00e0 Oran"},"content":{"rendered":"<div>\n<div class=\"K2FeedImage\"><img decoding=\"async\" src=\"http:\/\/www.aps.dz\/media\/k2\/items\/cache\/b3d395300cbc821879534eb6a05f3951_S.jpg\" alt=\"Les superficies consacr\u00e9es aux arbres fruitiers et \u00e0 la vigne en baisse \u00e0 Oran\"><\/div>\n<div class=\"K2FeedIntroText\">\n<p><strong>ORAN &#8211; La wilaya d\u2019Oran a connu, ces derni\u00e8res ann\u00e9es, un recul de ses superficies consacr\u00e9es \u00e0 l\u2019arboriculture fruiti\u00e8re et au vignoble, \u00e0 l\u2019exception de la plantation d\u2019oliviers, selon la direction locale des services agricoles.<\/strong><\/p>\n<\/div>\n<div class=\"K2FeedFullText\">\n<p>Cette baisse des surfaces d\u2019arboriculture fruiti\u00e8re, \u00e0 l\u2019instar des fruits \u00e0 noyau et de p\u00e9pins a \u00e9t\u00e9 de l\u2019ordre de 433 ha durant la p\u00e9riode allant de 2010 \u00e0 2018, passant de 3.851 ha \u00e0 3418 ha, a indiqu\u00e9 le chef de service de l\u2019organisation de la production et du soutien technique de la DSA, Benmoussa Djelloul.<\/p>\n<p>Selon le m\u00eame responsable, la culture des agrumes a connu, \u00e9galement, un recul depuis le d\u00e9but de l\u2019ann\u00e9e 2000, passant de 521 ha \u00e0 275 ha \u00e0 la fin de l\u2019ann\u00e9e \u00e9coul\u00e9e.<\/p>\n<p>Par ailleurs, la viticulture a connu un net recul en mati\u00e8re de superficie durant les huit derni\u00e8res ann\u00e9es , passant de 1.793 ha \u00e0 seulement 670 ha, soit un \u00e9cart de plus de 1120 ha, a-t-il soulign\u00e9.<\/p>\n<p>Il a imput\u00e9 ce recul des surfaces des arbres fruitier \u00e0 plusieurs causes dont principalement \u00e0 l\u2019absence de pluies et la raret\u00e9 de l\u2019eau destin\u00e9e \u00e0 l\u2019irrigation des cultures, conduisant les agriculteurs \u00e0 renoncer au renouvellement des superficies des arbres fruitiers \u00e0 faible rendement ou \u00e0 proc\u00e9der tout simplement \u00e0 l\u2019arrachage des arbres.<\/p>\n<p>L\u2019arboriculture fruiti\u00e8re est localis\u00e9e en majorit\u00e9 dans les communes de Boutl\u00e9lis, A\u00efn El Kerma, Misserghine et Bousfer.<\/p>\n<hr>\n<h3>Lire aussi:\u00a0<a href=\"http:\/\/www.aps.dz\/economie\/83325-la-production-arboricole-a-depasse-les-52-millions-de-quintaux-en-2018\" target=\"_blank\" rel=\"noopener noreferrer\">La production arboricole a d\u00e9pass\u00e9 les 52 millions de quintaux en 2018<\/a><\/h3>\n<hr>\n<p>Toutefois, l\u2019ol\u00e9iculture est la seule arboriculture fruiti\u00e8re qui a connu une extension des superficies durant la m\u00eame p\u00e9riode, passant ainsi de 7.993 ha en 2010 \u00e0 8.470 ha en 2018, selon le m\u00eame responsable.<\/p>\n<p>Cette extension est due \u00e0 l\u2019engouement suscit\u00e9 par les agriculteurs pour la plantation des arbres dans de petits p\u00e9rim\u00e8tres au niveau des 26 communes de la wilaya, outre le fait que ces cultures n\u00e9cessitent moins d\u2019efforts pour assurer leur maintien et ce, par rapport aux autres esp\u00e8ces d\u2019arbres, a-t-on soulign\u00e9.<\/p>\n<p>A l\u2019inverse, et en d\u00e9pit de cette baisse dans les superficies des arbres fruitiers, leur production a connu une augmentation significative durant la m\u00eame p\u00e9riode, sachant que la production fruiti\u00e8re \u00e0 noyaux et p\u00e9pins et autres, est pass\u00e9e de quelque 52.000 quintaux \/par an \u00e0 pr\u00e8s de 110.000 quintaux, durant la saison \u00e9coul\u00e9e, selon la m\u00eame source.<\/p>\n<p>La production viticole, quant \u00e0 elle, est pass\u00e9e de 32.926 qx \u00e0 40.808 qx tandis que la production ol\u00e9icole est pass\u00e9e de 68.000 qx \u00e0 pr\u00e8s de 128.000 qx, a-t-on assur\u00e9 de m\u00eame source.<\/p>\n<p>Cette augmentation dans la production des arbres fruitiers et du vignoble a conduit \u00e0 l\u2019augmentation du rendement \u00e0 l\u2019hectare et ce, gr\u00e2ce \u00e0 l\u2019utilisation de syst\u00e8mes d\u2019irrigation modernes \u00e9conomisant l\u2019eau, et au suivi phytosanitaire r\u00e9gulier des plantations, a ajout\u00e9 la m\u00eame source.<\/p>\n<p>\u00a0<\/p>\n<p style=\"text-align: center;\"><strong>Vers l&rsquo;extension des superficies de l\u2019arboriculture fruiti\u00e8re<\/strong><\/p>\n<p>\u00a0<\/p>\n<p>Par ailleurs, les responsables du secteur pr\u00e9voient pour la fili\u00e8re de l\u2019arboriculture fruiti\u00e8re, une extension de ses superficies notamment \u00e0 partir de la saison agricole prochaine et ce, gr\u00e2ce aux initiatives conjointes prises par la direction des services agricoles et de la Chambre de l\u2019agriculture de la wilaya.<\/p>\n<p>A la faveur de cette orientation, il a \u00e9t\u00e9 programm\u00e9 la plantation d\u2019agrumes sur une superficie de 100 ha, dans une premi\u00e8re \u00e9tape, selon le secr\u00e9taire g\u00e9n\u00e9ral de la Chambre de l\u2019agriculture, Houari Zeddam.<\/p>\n<hr>\n<h3>Lire aussi:\u00a0<a href=\"http:\/\/www.aps.dz\/economie\/82844-bouazghi-fait-etat-d-une-abondance-de-fruits-en-2018\" target=\"_blank\" rel=\"noopener noreferrer\">Fruits: la production nationale permet une consommation moyenne de 40kg\/personne\/an<\/a><\/h3>\n<hr>\n<p>La Chambre de l\u2019agriculture de la wilaya a pris l\u2019initiative de former 136 agriculteurs et leurs enfants dans les techniques de plantation des arbres fruitiers, de m\u00eame qu\u2019il a proc\u00e9d\u00e9 \u00e0 la signature de trois conventions avec l\u2019ANSEJ, la CNAC et l\u2019ANGEM pour accompagner ces jeunes form\u00e9s, dans la mat\u00e9rialisation de leurs projets.<\/p>\n<p>Toutefois, la r\u00e9alisation de cet objectif reste li\u00e9e \u00e0 la disponibilit\u00e9 de l\u2019eau pour l\u2019irrigation des vergers, comme le soutient le secr\u00e9taire g\u00e9n\u00e9ral de la Chambre de l\u2019agriculture qui insiste sur l\u2019imp\u00e9ratif, pour cette fili\u00e8re, d\u2019orienter les forages existant pr\u00e8s des vergers.<\/p>\n<\/div>\n<\/div>\n<p>Auteur:<br \/>\n<a href=\"http:\/\/www.aps.dz\/regions\/89847-les-superficies-consacrees-aux-arbres-fruitiers-et-a-la-vigne-en-baisse-a-oran\">Cliquez ici pour lire l&rsquo;article depuis sa source.<\/a><\/p>\n","protected":false},"excerpt":{"rendered":"<p>ORAN &#8211; La wilaya d\u2019Oran a connu, ces derni\u00e8res ann\u00e9es, un recul de ses superficies consacr\u00e9es \u00e0 l\u2019arboriculture fruiti\u00e8re et au vignoble, \u00e0 l\u2019exception de la plantation d\u2019oliviers, selon la direction locale des services agricoles. Cette baisse des surfaces d\u2019arboriculture fruiti\u00e8re, \u00e0 l\u2019instar des fruits \u00e0 noyau et de p\u00e9pins a \u00e9t\u00e9 de l\u2019ordre de [&hellip;]<\/p>\n","protected":false},"author":1790,"featured_media":36527,"comment_status":"closed","ping_status":"closed","sticky":false,"template":"","format":"standard","meta":{"fifu_image_url":"","fifu_image_alt":"","footnotes":""},"categories":[53,76],"tags":[],"class_list":["post-36526","post","type-post","status-publish","format-standard","has-post-thumbnail","hentry","category-algerie","category-regions"],"_links":{"self":[{"href":"https:\/\/linitiative.ca\/International\/wp-json\/wp\/v2\/posts\/36526","targetHints":{"allow":["GET"]}}],"collection":[{"href":"https:\/\/linitiative.ca\/International\/wp-json\/wp\/v2\/posts"}],"about":[{"href":"https:\/\/linitiative.ca\/International\/wp-json\/wp\/v2\/types\/post"}],"author":[{"embeddable":true,"href":"https:\/\/linitiative.ca\/International\/wp-json\/wp\/v2\/users\/1790"}],"replies":[{"embeddable":true,"href":"https:\/\/linitiative.ca\/International\/wp-json\/wp\/v2\/comments?post=36526"}],"version-history":[{"count":0,"href":"https:\/\/linitiative.ca\/International\/wp-json\/wp\/v2\/posts\/36526\/revisions"}],"wp:featuredmedia":[{"embeddable":true,"href":"https:\/\/linitiative.ca\/International\/wp-json\/"}],"wp:attachment":[{"href":"https:\/\/linitiative.ca\/International\/wp-json\/wp\/v2\/media?parent=36526"}],"wp:term":[{"taxonomy":"category","embeddable":true,"href":"https:\/\/linitiative.ca\/International\/wp-json\/wp\/v2\/categories?post=36526"},{"taxonomy":"post_tag","embeddable":true,"href":"https:\/\/linitiative.ca\/International\/wp-json\/wp\/v2\/tags?post=36526"}],"curies":[{"name":"wp","href":"https:\/\/api.w.org\/{rel}","templated":true}]}}