{"id":36528,"date":"2019-05-25T12:56:27","date_gmt":"2019-05-25T16:56:27","guid":{"rendered":"https:\/\/linitiative.ca\/International\/batna-le-moudjahid-mustapha-toreche-accompagne-a-sa-derniere-demeure\/"},"modified":"2019-05-25T12:56:27","modified_gmt":"2019-05-25T16:56:27","slug":"batna-le-moudjahid-mustapha-toreche-accompagne-a-sa-derniere-demeure","status":"publish","type":"post","link":"https:\/\/linitiative.ca\/International\/batna-le-moudjahid-mustapha-toreche-accompagne-a-sa-derniere-demeure\/","title":{"rendered":"Batna: le moudjahid Mustapha Toreche accompagn\u00e9 \u00e0 sa derni\u00e8re demeure"},"content":{"rendered":"<div>\n<div class=\"K2FeedIntroText\">\n<p><strong>BATNA &#8211; Une foule nombreuse dont des proches et d\u2019anciens moudjahidine, a accompagn\u00e9 samedi le moudjahid Mustapha Toreche \u00e0 sa derni\u00e8re demeure au cimeti\u00e8re de Foum El Toub (wilaya de Batna).<\/strong><\/p>\n<\/div>\n<div class=\"K2FeedFullText\">\n<p>D\u00e9c\u00e9d\u00e9 vendredi soir \u00e0 l\u2019\u00e2ge de 95 ans, Mustapha Toreche fut l\u2019un des premiers moudjahidine \u00e0 avoir rejoint la R\u00e9volution dans les Aur\u00e8s et, plus pr\u00e9cis\u00e9ment, dans la r\u00e9gion d\u2019Ichemoul. Il faisait partie des compagnons d\u2019armes de Mustapha Benboulaid, condamn\u00e9s \u00e0 mort par le tribunal militaire colonial et incarc\u00e9r\u00e9s \u00e0 la prison d\u2019El Coudiat de Constantine.<\/p>\n<p>Mustapha Toreche faisait \u00e9galement partie des 19 d\u00e9tenus \u00e0 avoir \u00e9chou\u00e9 \u00e0 s\u2019\u00e9vader de la prison d\u2019El Coudiat avec Mustapha Benboulaid apr\u00e8s que l\u2019ennemi eut vent de l\u2019op\u00e9ration.<\/p>\n<p>Le regrett\u00e9 f\u00fbt par la suite emprisonn\u00e9 \u00e0 la prison centrale de Tazoult avant d\u2019\u00eatre lib\u00e9r\u00e9 le 9 avril 1962. Apr\u00e8s l\u2019ind\u00e9pendance, il revint dans sa r\u00e9gion natale de Foum El Toub o\u00f9 il exer\u00e7a le m\u00e9tier d\u2019enseignant.<\/p>\n<\/div>\n<\/div>\n<p>Auteur:<br \/>\n<a href=\"http:\/\/www.aps.dz\/regions\/89863-batna-le-moudjahid-mustapha-toreche-accompagne-a-sa-derniere-demeure\">Cliquez ici pour lire l&rsquo;article depuis sa source.<\/a><\/p>\n","protected":false},"excerpt":{"rendered":"<p>BATNA &#8211; Une foule nombreuse dont des proches et d\u2019anciens moudjahidine, a accompagn\u00e9 samedi le moudjahid Mustapha Toreche \u00e0 sa derni\u00e8re demeure au cimeti\u00e8re de Foum El Toub (wilaya de Batna). D\u00e9c\u00e9d\u00e9 vendredi soir \u00e0 l\u2019\u00e2ge de 95 ans, Mustapha Toreche fut l\u2019un des premiers moudjahidine \u00e0 avoir rejoint la R\u00e9volution dans les Aur\u00e8s et, [&hellip;]<\/p>\n","protected":false},"author":1790,"featured_media":0,"comment_status":"closed","ping_status":"closed","sticky":false,"template":"","format":"standard","meta":{"fifu_image_url":"","fifu_image_alt":"","footnotes":""},"categories":[53,76],"tags":[],"class_list":["post-36528","post","type-post","status-publish","format-standard","hentry","category-algerie","category-regions"],"_links":{"self":[{"href":"https:\/\/linitiative.ca\/International\/wp-json\/wp\/v2\/posts\/36528","targetHints":{"allow":["GET"]}}],"collection":[{"href":"https:\/\/linitiative.ca\/International\/wp-json\/wp\/v2\/posts"}],"about":[{"href":"https:\/\/linitiative.ca\/International\/wp-json\/wp\/v2\/types\/post"}],"author":[{"embeddable":true,"href":"https:\/\/linitiative.ca\/International\/wp-json\/wp\/v2\/users\/1790"}],"replies":[{"embeddable":true,"href":"https:\/\/linitiative.ca\/International\/wp-json\/wp\/v2\/comments?post=36528"}],"version-history":[{"count":0,"href":"https:\/\/linitiative.ca\/International\/wp-json\/wp\/v2\/posts\/36528\/revisions"}],"wp:attachment":[{"href":"https:\/\/linitiative.ca\/International\/wp-json\/wp\/v2\/media?parent=36528"}],"wp:term":[{"taxonomy":"category","embeddable":true,"href":"https:\/\/linitiative.ca\/International\/wp-json\/wp\/v2\/categories?post=36528"},{"taxonomy":"post_tag","embeddable":true,"href":"https:\/\/linitiative.ca\/International\/wp-json\/wp\/v2\/tags?post=36528"}],"curies":[{"name":"wp","href":"https:\/\/api.w.org\/{rel}","templated":true}]}}