{"id":36529,"date":"2019-05-25T13:31:56","date_gmt":"2019-05-25T17:31:56","guid":{"rendered":"https:\/\/linitiative.ca\/International\/des-pluies-orageuses-dans-plusieurs-wilayas-du-centre-jusqua-dimanche\/"},"modified":"2019-05-25T13:31:56","modified_gmt":"2019-05-25T17:31:56","slug":"des-pluies-orageuses-dans-plusieurs-wilayas-du-centre-jusqua-dimanche","status":"publish","type":"post","link":"https:\/\/linitiative.ca\/International\/des-pluies-orageuses-dans-plusieurs-wilayas-du-centre-jusqua-dimanche\/","title":{"rendered":"Des pluies orageuses dans plusieurs wilayas du Centre jusqu\u2019\u00e0 dimanche"},"content":{"rendered":"<div>\n<div class=\"K2FeedImage\"><img decoding=\"async\" src=\"http:\/\/www.aps.dz\/media\/k2\/items\/cache\/872c3b361a6ff2e7194135f3db42594c_S.jpg\" alt=\"Des pluies orageuses dans plusieurs wilayas du Centre jusqu\u2019\u00e0 dimanche\"><\/div>\n<div class=\"K2FeedIntroText\">\n<p><strong>ALGER &#8211; Des pluies parfois sous forme d&rsquo;averses orageuses affecteront samedi et dimanche plusieurs wilayas du Centre du pays, indique l&rsquo;Office national de m\u00e9t\u00e9orologie dans un bulletin m\u00e9t\u00e9orologique sp\u00e9cial (BMS).<\/strong><\/p>\n<\/div>\n<div class=\"K2FeedFullText\">\n<p>Ces averses de pluie concernent les wilayas de Tipaza, Alger, Boumerd\u00e8s, Ain Defla, Blida, M\u00e9d\u00e9a, Bouira et Tizi Ouzou, pr\u00e9cise la m\u00eame source.<\/p>\n<hr>\n<h3>Lire aussi:\u00a0<a href=\"http:\/\/www.aps.dz\/regions\/89834-activite-pluvio-orageuse-sur-l-est-du-pays-a-partir-de-samedi-matin\" target=\"_blank\" rel=\"noopener noreferrer\">Activit\u00e9 pluvio-orageuse sur l&rsquo;Est du pays \u00e0 partir de samedi matin<\/a><\/h3>\n<hr>\n<p>La validit\u00e9 du BMS s&rsquo;\u00e9tale du samedi \u00e0 22h00 au dimanche \u00e0\u00a0 12h00, alors que les cumuls estim\u00e9s atteindront ou d\u00e9passeront localement les 25 mm durant la validit\u00e9 du BMS.<\/p>\n<\/div>\n<\/div>\n<p>Auteur:<br \/>\n<a href=\"http:\/\/www.aps.dz\/regions\/89867-des-pluies-orageuses-dans-plusieurs-wilayas-du-centre-jusqu-a-dimanche\">Cliquez ici pour lire l&rsquo;article depuis sa source.<\/a><\/p>\n","protected":false},"excerpt":{"rendered":"<p>ALGER &#8211; Des pluies parfois sous forme d&rsquo;averses orageuses affecteront samedi et dimanche plusieurs wilayas du Centre du pays, indique l&rsquo;Office national de m\u00e9t\u00e9orologie dans un bulletin m\u00e9t\u00e9orologique sp\u00e9cial (BMS). Ces averses de pluie concernent les wilayas de Tipaza, Alger, Boumerd\u00e8s, Ain Defla, Blida, M\u00e9d\u00e9a, Bouira et Tizi Ouzou, pr\u00e9cise la m\u00eame source. Lire aussi:\u00a0Activit\u00e9 [&hellip;]<\/p>\n","protected":false},"author":1790,"featured_media":36530,"comment_status":"closed","ping_status":"closed","sticky":false,"template":"","format":"standard","meta":{"fifu_image_url":"","fifu_image_alt":"","footnotes":""},"categories":[53,76],"tags":[],"class_list":["post-36529","post","type-post","status-publish","format-standard","has-post-thumbnail","hentry","category-algerie","category-regions"],"_links":{"self":[{"href":"https:\/\/linitiative.ca\/International\/wp-json\/wp\/v2\/posts\/36529","targetHints":{"allow":["GET"]}}],"collection":[{"href":"https:\/\/linitiative.ca\/International\/wp-json\/wp\/v2\/posts"}],"about":[{"href":"https:\/\/linitiative.ca\/International\/wp-json\/wp\/v2\/types\/post"}],"author":[{"embeddable":true,"href":"https:\/\/linitiative.ca\/International\/wp-json\/wp\/v2\/users\/1790"}],"replies":[{"embeddable":true,"href":"https:\/\/linitiative.ca\/International\/wp-json\/wp\/v2\/comments?post=36529"}],"version-history":[{"count":0,"href":"https:\/\/linitiative.ca\/International\/wp-json\/wp\/v2\/posts\/36529\/revisions"}],"wp:featuredmedia":[{"embeddable":true,"href":"https:\/\/linitiative.ca\/International\/wp-json\/"}],"wp:attachment":[{"href":"https:\/\/linitiative.ca\/International\/wp-json\/wp\/v2\/media?parent=36529"}],"wp:term":[{"taxonomy":"category","embeddable":true,"href":"https:\/\/linitiative.ca\/International\/wp-json\/wp\/v2\/categories?post=36529"},{"taxonomy":"post_tag","embeddable":true,"href":"https:\/\/linitiative.ca\/International\/wp-json\/wp\/v2\/tags?post=36529"}],"curies":[{"name":"wp","href":"https:\/\/api.w.org\/{rel}","templated":true}]}}