{"id":36536,"date":"2019-05-25T15:14:02","date_gmt":"2019-05-25T19:14:02","guid":{"rendered":"https:\/\/linitiative.ca\/International\/international-le-real-a-fait-une-grosse-offre-a-naples-pour-ce-joueur\/"},"modified":"2019-05-25T15:14:02","modified_gmt":"2019-05-25T19:14:02","slug":"international-le-real-a-fait-une-grosse-offre-a-naples-pour-ce-joueur","status":"publish","type":"post","link":"https:\/\/linitiative.ca\/International\/international-le-real-a-fait-une-grosse-offre-a-naples-pour-ce-joueur\/","title":{"rendered":"International : Le Real a fait une grosse offre \u00e0 Naples pour ce joueur"},"content":{"rendered":"<div readability=\"32\">\n<p>Auteur : <span class=\"time\">samedi 25 mai 2019 12:16<\/span><\/p>\n<\/div>\n<div id=\"post_core\" readability=\"47\">\n<p>D\u00e9j\u00e0 pist\u00e9 par Manchester United, le S\u00e9n\u00e9galais l\u2019est aussi par une autre grosse \u00e9curie europ\u00e9enne, le Real Madrid comme l&rsquo;indique Footmercato.<\/p>\n<p>Le Corriere dello Sport indique m\u00eame que les Merengues ont r\u00e9cemment fait une premi\u00e8re offre pour Koulibaly, de 90 M\u20ac, mais que celle-ci a \u00e9t\u00e9 repouss\u00e9e par la direction napolitaine, qui estime que son d\u00e9fenseur vaut plus. \u00c0 noter que Koulibaly dispose d\u2019une clause lib\u00e9ratoire de 150 M\u20ac dans son contrat, mais que celle-ci ne sera active qu\u2019au mercato 2020, ce qui ne permet pas de savoir si les Partenopei le laisseront partir cette ann\u00e9e.<\/p>\n<p><strong>Publi\u00e9 dans :<\/strong> <span>real madrid<\/span><\/p>\n<\/div>\n<p>Auteur:<br \/>\n<a href=\"http:\/\/www.lebuteur.com\/article\/detail?titre=le-real-a-fait-une-grosse-offre-a-naples-pour-ce-joueur&#038;id=89091&#038;utm_source=feedburner&#038;utm_medium=feed&#038;utm_campaign=Feed%3A+GalerieFArtciles+%28Les+derniers+articles++-+lebuteur.com%29\">Cliquez ici pour lire l&rsquo;article depuis sa source.<\/a><\/p>\n","protected":false},"excerpt":{"rendered":"<p>Auteur : samedi 25 mai 2019 12:16 D\u00e9j\u00e0 pist\u00e9 par Manchester United, le S\u00e9n\u00e9galais l\u2019est aussi par une autre grosse \u00e9curie europ\u00e9enne, le Real Madrid comme l&rsquo;indique Footmercato. Le Corriere dello Sport indique m\u00eame que les Merengues ont r\u00e9cemment fait une premi\u00e8re offre pour Koulibaly, de 90 M\u20ac, mais que celle-ci a \u00e9t\u00e9 repouss\u00e9e par [&hellip;]<\/p>\n","protected":false},"author":1738,"featured_media":36537,"comment_status":"closed","ping_status":"closed","sticky":false,"template":"","format":"standard","meta":{"fifu_image_url":"","fifu_image_alt":"","footnotes":""},"categories":[53,75],"tags":[],"class_list":["post-36536","post","type-post","status-publish","format-standard","has-post-thumbnail","hentry","category-algerie","category-sport"],"_links":{"self":[{"href":"https:\/\/linitiative.ca\/International\/wp-json\/wp\/v2\/posts\/36536","targetHints":{"allow":["GET"]}}],"collection":[{"href":"https:\/\/linitiative.ca\/International\/wp-json\/wp\/v2\/posts"}],"about":[{"href":"https:\/\/linitiative.ca\/International\/wp-json\/wp\/v2\/types\/post"}],"author":[{"embeddable":true,"href":"https:\/\/linitiative.ca\/International\/wp-json\/wp\/v2\/users\/1738"}],"replies":[{"embeddable":true,"href":"https:\/\/linitiative.ca\/International\/wp-json\/wp\/v2\/comments?post=36536"}],"version-history":[{"count":0,"href":"https:\/\/linitiative.ca\/International\/wp-json\/wp\/v2\/posts\/36536\/revisions"}],"wp:featuredmedia":[{"embeddable":true,"href":"https:\/\/linitiative.ca\/International\/wp-json\/"}],"wp:attachment":[{"href":"https:\/\/linitiative.ca\/International\/wp-json\/wp\/v2\/media?parent=36536"}],"wp:term":[{"taxonomy":"category","embeddable":true,"href":"https:\/\/linitiative.ca\/International\/wp-json\/wp\/v2\/categories?post=36536"},{"taxonomy":"post_tag","embeddable":true,"href":"https:\/\/linitiative.ca\/International\/wp-json\/wp\/v2\/tags?post=36536"}],"curies":[{"name":"wp","href":"https:\/\/api.w.org\/{rel}","templated":true}]}}