{"id":36538,"date":"2019-05-25T15:14:04","date_gmt":"2019-05-25T19:14:04","guid":{"rendered":"https:\/\/linitiative.ca\/International\/pros-nice-atal-termine-sa-saison-sur-une-victoire-face-a-monaco-video\/"},"modified":"2019-05-25T15:14:04","modified_gmt":"2019-05-25T19:14:04","slug":"pros-nice-atal-termine-sa-saison-sur-une-victoire-face-a-monaco-video","status":"publish","type":"post","link":"https:\/\/linitiative.ca\/International\/pros-nice-atal-termine-sa-saison-sur-une-victoire-face-a-monaco-video\/","title":{"rendered":"Pros : Nice : Atal termine sa saison sur une victoire face \u00e0 Monaco (Vid\u00e9o)"},"content":{"rendered":"<div readability=\"32\">\n<p>Auteur : <span class=\"time\">samedi 25 mai 2019 12:39<\/span><\/p>\n<\/div>\n<div id=\"post_core\" readability=\"35.3488372093\">\n<p>Malgr\u00e9 de grosses occasions, Monaco a \u00e9t\u00e9 battu par Nice (0-2) ce vendredi pour le compte de la 38e journ\u00e9e de Ligue 1. Youcef Atal a une nouvelle fois fait parler de lui en \u00e9tant derri\u00e8re l&rsquo;ouverture du score de son \u00e9quipe. A noter que l&rsquo;international alg\u00e9rien a rompu le je\u00fbne durant la rencontre gr\u00e2ce \u00e0 l&rsquo;arbitre qui a arr\u00eat\u00e9 la rencontre quelques instants pour permettre \u00e0 Atal de boire un peu d&rsquo;eau.<\/p>\n<p><strong><a href=\"https:\/\/youtu.be\/4v5gW3-VklU\"><span class=\"c1\">[Lien] Youcef Atal face \u00e0 Monaco<\/span><\/a><\/strong><\/p>\n<p><strong>Publi\u00e9 dans :<\/strong> <span>Atal<\/span><\/p>\n<\/div>\n<p>Auteur:<br \/>\n<a href=\"http:\/\/www.lebuteur.com\/article\/detail?titre=nice-atal-termine-sa-saison-sur-une-victoire-face-a-monaco-video&#038;id=89092&#038;utm_source=feedburner&#038;utm_medium=feed&#038;utm_campaign=Feed%3A+GalerieFArtciles+%28Les+derniers+articles++-+lebuteur.com%29\">Cliquez ici pour lire l&rsquo;article depuis sa source.<\/a><\/p>\n","protected":false},"excerpt":{"rendered":"<p>Auteur : samedi 25 mai 2019 12:39 Malgr\u00e9 de grosses occasions, Monaco a \u00e9t\u00e9 battu par Nice (0-2) ce vendredi pour le compte de la 38e journ\u00e9e de Ligue 1. Youcef Atal a une nouvelle fois fait parler de lui en \u00e9tant derri\u00e8re l&rsquo;ouverture du score de son \u00e9quipe. A noter que l&rsquo;international alg\u00e9rien a [&hellip;]<\/p>\n","protected":false},"author":1738,"featured_media":36539,"comment_status":"closed","ping_status":"closed","sticky":false,"template":"","format":"standard","meta":{"fifu_image_url":"","fifu_image_alt":"","footnotes":""},"categories":[53,75],"tags":[],"class_list":["post-36538","post","type-post","status-publish","format-standard","has-post-thumbnail","hentry","category-algerie","category-sport"],"_links":{"self":[{"href":"https:\/\/linitiative.ca\/International\/wp-json\/wp\/v2\/posts\/36538","targetHints":{"allow":["GET"]}}],"collection":[{"href":"https:\/\/linitiative.ca\/International\/wp-json\/wp\/v2\/posts"}],"about":[{"href":"https:\/\/linitiative.ca\/International\/wp-json\/wp\/v2\/types\/post"}],"author":[{"embeddable":true,"href":"https:\/\/linitiative.ca\/International\/wp-json\/wp\/v2\/users\/1738"}],"replies":[{"embeddable":true,"href":"https:\/\/linitiative.ca\/International\/wp-json\/wp\/v2\/comments?post=36538"}],"version-history":[{"count":0,"href":"https:\/\/linitiative.ca\/International\/wp-json\/wp\/v2\/posts\/36538\/revisions"}],"wp:featuredmedia":[{"embeddable":true,"href":"https:\/\/linitiative.ca\/International\/wp-json\/"}],"wp:attachment":[{"href":"https:\/\/linitiative.ca\/International\/wp-json\/wp\/v2\/media?parent=36538"}],"wp:term":[{"taxonomy":"category","embeddable":true,"href":"https:\/\/linitiative.ca\/International\/wp-json\/wp\/v2\/categories?post=36538"},{"taxonomy":"post_tag","embeddable":true,"href":"https:\/\/linitiative.ca\/International\/wp-json\/wp\/v2\/tags?post=36538"}],"curies":[{"name":"wp","href":"https:\/\/api.w.org\/{rel}","templated":true}]}}