{"id":36540,"date":"2019-05-25T15:14:07","date_gmt":"2019-05-25T19:14:07","guid":{"rendered":"https:\/\/linitiative.ca\/International\/chelsea-bakayoko-du-milan-a-linter\/"},"modified":"2019-05-25T15:14:07","modified_gmt":"2019-05-25T19:14:07","slug":"chelsea-bakayoko-du-milan-a-linter","status":"publish","type":"post","link":"https:\/\/linitiative.ca\/International\/chelsea-bakayoko-du-milan-a-linter\/","title":{"rendered":"Chelsea: Bakayoko du Milan \u00e0 l\u2019Inter ?"},"content":{"rendered":"<div>Pr\u00eat\u00e9 cette saison par Chelsea \u00e0 l\u2019AC Milan, o\u00f9 sa relation avec l\u2019entra\u00eeneur Gennaro Gattuso \u00e9tait tr\u00e8s tendue, Ti\u00e9mou\u00e9 Bakayoko pourrait rester dans la cit\u00e9 lombarde cet \u00e9t\u00e9, mais pas chez les Rossoneri.<img loading=\"lazy\" decoding=\"async\" src=\"http:\/\/feeds.feedburner.com\/~r\/GalerieFArtciles\/~4\/B7A7euazuHk\" height=\"1\" width=\"1\" alt=\"\"><\/div>\n<p>Auteur:<br \/>\n<a href=\"http:\/\/www.lebuteur.com\/article\/detail?titre=chelsea-bakayoko-du-milan-a-linter&#038;id=89093&#038;utm_source=feedburner&#038;utm_medium=feed&#038;utm_campaign=Feed%3A+GalerieFArtciles+%28Les+derniers+articles++-+lebuteur.com%29\">Cliquez ici pour lire l&rsquo;article depuis sa source.<\/a><\/p>\n","protected":false},"excerpt":{"rendered":"<p>Pr\u00eat\u00e9 cette saison par Chelsea \u00e0 l\u2019AC Milan, o\u00f9 sa relation avec l\u2019entra\u00eeneur Gennaro Gattuso \u00e9tait tr\u00e8s tendue, Ti\u00e9mou\u00e9 Bakayoko pourrait rester dans la cit\u00e9 lombarde cet \u00e9t\u00e9, mais pas chez les Rossoneri. Auteur: Cliquez ici pour lire l&rsquo;article depuis sa source.<\/p>\n","protected":false},"author":1738,"featured_media":0,"comment_status":"closed","ping_status":"closed","sticky":false,"template":"","format":"standard","meta":{"fifu_image_url":"","fifu_image_alt":"","footnotes":""},"categories":[53,75],"tags":[],"class_list":["post-36540","post","type-post","status-publish","format-standard","hentry","category-algerie","category-sport"],"_links":{"self":[{"href":"https:\/\/linitiative.ca\/International\/wp-json\/wp\/v2\/posts\/36540","targetHints":{"allow":["GET"]}}],"collection":[{"href":"https:\/\/linitiative.ca\/International\/wp-json\/wp\/v2\/posts"}],"about":[{"href":"https:\/\/linitiative.ca\/International\/wp-json\/wp\/v2\/types\/post"}],"author":[{"embeddable":true,"href":"https:\/\/linitiative.ca\/International\/wp-json\/wp\/v2\/users\/1738"}],"replies":[{"embeddable":true,"href":"https:\/\/linitiative.ca\/International\/wp-json\/wp\/v2\/comments?post=36540"}],"version-history":[{"count":0,"href":"https:\/\/linitiative.ca\/International\/wp-json\/wp\/v2\/posts\/36540\/revisions"}],"wp:attachment":[{"href":"https:\/\/linitiative.ca\/International\/wp-json\/wp\/v2\/media?parent=36540"}],"wp:term":[{"taxonomy":"category","embeddable":true,"href":"https:\/\/linitiative.ca\/International\/wp-json\/wp\/v2\/categories?post=36540"},{"taxonomy":"post_tag","embeddable":true,"href":"https:\/\/linitiative.ca\/International\/wp-json\/wp\/v2\/tags?post=36540"}],"curies":[{"name":"wp","href":"https:\/\/api.w.org\/{rel}","templated":true}]}}