{"id":36541,"date":"2019-05-25T15:14:08","date_gmt":"2019-05-25T19:14:08","guid":{"rendered":"https:\/\/linitiative.ca\/International\/international-juventus-paulo-dybala-evoque-son-avenir\/"},"modified":"2019-05-25T15:14:08","modified_gmt":"2019-05-25T19:14:08","slug":"international-juventus-paulo-dybala-evoque-son-avenir","status":"publish","type":"post","link":"https:\/\/linitiative.ca\/International\/international-juventus-paulo-dybala-evoque-son-avenir\/","title":{"rendered":"International : Juventus : Paulo Dybala \u00e9voque son avenir"},"content":{"rendered":"<div readability=\"32\">\n<p>Auteur : <span class=\"time\">samedi 25 mai 2019 16:05<\/span><\/p>\n<\/div>\n<div id=\"post_core\" readability=\"46\">\n<p>\u00ab\u00a0J\u2019ai parl\u00e9 avec le club, avec Paratici (le directeur sportif, ndlr), qui sait ce que je pense et ce que je veux faire la saison prochaine, c\u2019est-\u00e0-dire continuer \u00e0 jouer \u00e0 la Juventus. Evidemment, comme tout le monde le sait, ce n\u2019est pas \u00e0 moi de d\u00e9cider. La Juventus doit aussi faire ses propres choix, sa propre \u00e9quipe, m\u00eame avec l\u2019entra\u00eeneur qui va arriver. Mais tout le monde sait que je veux rester ici la saison prochaine\u00a0\u00bb, a confi\u00e9 l\u2019Argentin rapporte Les-Transferts.<\/p>\n<p><strong>Publi\u00e9 dans :<\/strong> <span>juventus<\/span> <span>Dybala<\/span><\/p>\n<\/div>\n<p>Auteur:<br \/>\n<a href=\"http:\/\/www.lebuteur.com\/article\/detail?titre=juventus-paulo-dybala-evoque-son-avenir&#038;id=89094&#038;utm_source=feedburner&#038;utm_medium=feed&#038;utm_campaign=Feed%3A+GalerieFArtciles+%28Les+derniers+articles++-+lebuteur.com%29\">Cliquez ici pour lire l&rsquo;article depuis sa source.<\/a><\/p>\n","protected":false},"excerpt":{"rendered":"<p>Auteur : samedi 25 mai 2019 16:05 \u00ab\u00a0J\u2019ai parl\u00e9 avec le club, avec Paratici (le directeur sportif, ndlr), qui sait ce que je pense et ce que je veux faire la saison prochaine, c\u2019est-\u00e0-dire continuer \u00e0 jouer \u00e0 la Juventus. Evidemment, comme tout le monde le sait, ce n\u2019est pas \u00e0 moi de d\u00e9cider. La [&hellip;]<\/p>\n","protected":false},"author":1738,"featured_media":36542,"comment_status":"closed","ping_status":"closed","sticky":false,"template":"","format":"standard","meta":{"fifu_image_url":"","fifu_image_alt":"","footnotes":""},"categories":[53,75],"tags":[],"class_list":["post-36541","post","type-post","status-publish","format-standard","has-post-thumbnail","hentry","category-algerie","category-sport"],"_links":{"self":[{"href":"https:\/\/linitiative.ca\/International\/wp-json\/wp\/v2\/posts\/36541","targetHints":{"allow":["GET"]}}],"collection":[{"href":"https:\/\/linitiative.ca\/International\/wp-json\/wp\/v2\/posts"}],"about":[{"href":"https:\/\/linitiative.ca\/International\/wp-json\/wp\/v2\/types\/post"}],"author":[{"embeddable":true,"href":"https:\/\/linitiative.ca\/International\/wp-json\/wp\/v2\/users\/1738"}],"replies":[{"embeddable":true,"href":"https:\/\/linitiative.ca\/International\/wp-json\/wp\/v2\/comments?post=36541"}],"version-history":[{"count":0,"href":"https:\/\/linitiative.ca\/International\/wp-json\/wp\/v2\/posts\/36541\/revisions"}],"wp:featuredmedia":[{"embeddable":true,"href":"https:\/\/linitiative.ca\/International\/wp-json\/"}],"wp:attachment":[{"href":"https:\/\/linitiative.ca\/International\/wp-json\/wp\/v2\/media?parent=36541"}],"wp:term":[{"taxonomy":"category","embeddable":true,"href":"https:\/\/linitiative.ca\/International\/wp-json\/wp\/v2\/categories?post=36541"},{"taxonomy":"post_tag","embeddable":true,"href":"https:\/\/linitiative.ca\/International\/wp-json\/wp\/v2\/tags?post=36541"}],"curies":[{"name":"wp","href":"https:\/\/api.w.org\/{rel}","templated":true}]}}